{"id":2595,"date":"2025-10-29T15:37:30","date_gmt":"2025-10-29T20:37:30","guid":{"rendered":"https:\/\/concejopitalito.gov.co\/contenido\/?p=2595"},"modified":"2025-10-30T21:26:28","modified_gmt":"2025-10-31T02:26:28","slug":"concejo-municipal-de-pitalito-abre-convocatoria-para-reconocer-a-los-lideres-comunales-destacados-del-2025","status":"publish","type":"post","link":"https:\/\/concejopitalito.gov.co\/contenido\/2025\/10\/29\/concejo-municipal-de-pitalito-abre-convocatoria-para-reconocer-a-los-lideres-comunales-destacados-del-2025\/","title":{"rendered":"Concejo Municipal de Pitalito abre convocatoria para reconocer a los l\u00edderes comunales destacados del 2025"},"content":{"rendered":"\n<p class=\"p1\">El Concejo Municipal de Pitalito, en cumplimiento del Acuerdo Municipal 019 de 2025 y conforme a lo dispuesto en la Resoluci\u00f3n 029 de 2025, abre oficialmente la convocatoria para la postulaci\u00f3n de los l\u00edderes comunales destacados que ser\u00e1n homenajeados durante el Foro Anual de L\u00edderes Comunales del Municipio de Pitalito.<\/p>\n\n\n\n<figure class=\"wp-block-image size-large\"><img fetchpriority=\"high\" decoding=\"async\" width=\"1024\" height=\"768\" src=\"https:\/\/concejopitalito.gov.co\/contenido\/wp-content\/uploads\/2025\/10\/img_9725-1024x768.jpg\" alt=\"\" class=\"wp-image-2594\" srcset=\"https:\/\/concejopitalito.gov.co\/contenido\/wp-content\/uploads\/2025\/10\/img_9725-1024x768.jpg 1024w, https:\/\/concejopitalito.gov.co\/contenido\/wp-content\/uploads\/2025\/10\/img_9725-300x225.jpg 300w, https:\/\/concejopitalito.gov.co\/contenido\/wp-content\/uploads\/2025\/10\/img_9725-768x576.jpg 768w, https:\/\/concejopitalito.gov.co\/contenido\/wp-content\/uploads\/2025\/10\/img_9725-1536x1152.jpg 1536w, https:\/\/concejopitalito.gov.co\/contenido\/wp-content\/uploads\/2025\/10\/img_9725.jpg 2000w\" sizes=\"(max-width: 1024px) 100vw, 1024px\" \/><\/figure>\n\n\n\n<p class=\"p1\">Este importante evento busca exaltar la labor, compromiso y trayectoria de quienes d\u00eda a d\u00eda trabajan por el bienestar de sus comunidades, fortaleciendo la participaci\u00f3n ciudadana, el liderazgo social y la construcci\u00f3n del tejido comunitario en el municipio.<\/p>\n\n\n\n<p class=\"p1\">La Resoluci\u00f3n 029 de 2025, expedida por la mesa directiva de la corporaci\u00f3n edilicia, reglamenta la metodolog\u00eda, agenda, protocolo y mecanismos de participaci\u00f3n del foro, en cumplimiento del art\u00edculo 3\u00b0 del mencionado acuerdo.<\/p>\n\n\n\n<div data-wp-interactive=\"core\/file\" class=\"wp-block-file\"><object data-wp-bind--hidden=\"!state.hasPdfPreview\" hidden class=\"wp-block-file__embed\" data=\"https:\/\/concejopitalito.gov.co\/contenido\/wp-content\/uploads\/2025\/10\/RESOL.029.2025-FORO-COMUNAL.pdf\" type=\"application\/pdf\" style=\"width:100%;height:600px\" aria-label=\"Incrustado de RESOL.029.2025 FORO COMUNAL.\"><\/object><a id=\"wp-block-file--media-b5d2b6cb-35a8-44a7-aaeb-97bb018dad91\" href=\"https:\/\/concejopitalito.gov.co\/contenido\/wp-content\/uploads\/2025\/10\/RESOL.029.2025-FORO-COMUNAL.pdf\">RESOL.029.2025 FORO COMUNAL<\/a><a href=\"https:\/\/concejopitalito.gov.co\/contenido\/wp-content\/uploads\/2025\/10\/RESOL.029.2025-FORO-COMUNAL.pdf\" class=\"wp-block-file__button wp-element-button\" download aria-describedby=\"wp-block-file--media-b5d2b6cb-35a8-44a7-aaeb-97bb018dad91\">Descarga<\/a><\/div>\n\n\n\n<p class=\"p3\">Categor\u00edas de reconocimiento<\/p>\n\n\n\n<p class=\"p1\">Los postulantes podr\u00e1n ser inscritos en alguna de las siguientes categor\u00edas:<\/p>\n\n\n\n<p class=\"p3\">L\u00edder comunal vitalicio de mayor trayectoria <\/p>\n\n\n\n<p class=\"p3\">L\u00edder comunal m\u00e1s joven <\/p>\n\n\n\n<p class=\"p3\">L\u00edder comunal mujer destacada <\/p>\n\n\n\n<p class=\"p3\">L\u00edder comunal m\u00e1s emprendedor o innovador<\/p>\n\n\n\n<p class=\"p3\">L\u00edder comunal por la paz y la convivencia<\/p>\n\n\n\n<p class=\"p3\">L\u00edder comunal en cultura, deporte o medio ambiente <\/p>\n\n\n\n<p class=\"p3\">Junta de Acci\u00f3n Comunal o Subjunta destacada del a\u00f1o Vida y obra de l\u00edder comunal que haya ejercido y dejado huella en el sector comunitario.<\/p>\n\n\n\n<p class=\"p1\">Cada una de estas categor\u00edas busca visibilizar distintos \u00e1mbitos del liderazgo social y reconocer la diversidad de aportes que los comunales brindan al desarrollo local.<\/p>\n\n\n\n<p class=\"p3\"><strong>Proceso de inscripci\u00f3n<\/strong><\/p>\n\n\n\n<p class=\"p1\">Los interesados en participar o postular a un l\u00edder comunal destacado deber\u00e1n consultar la Resoluci\u00f3n 029 de 2025 y diligenciar los formularios de inscripci\u00f3n, disponibles en los anexos de esta publicaci\u00f3n.<\/p>\n\n\n\n<p class=\"p1\">Con este ejercicio, el Concejo Municipal reafirma su compromiso con el fortalecimiento de la participaci\u00f3n ciudadana y el reconocimiento p\u00fablico a quienes, desde el liderazgo comunitario, construyen d\u00eda a d\u00eda un mejor Pitalito.<\/p>\n\n\n\n<p class=\"p1\">\ud83d\udcce Anexos disponibles:<\/p>\n\n\n\n<p class=\"p3\">Formulario de inscripci\u00f3n <\/p>\n\n\n\n<div class=\"wp-block-file\"><a href=\"https:\/\/concejopitalito.gov.co\/contenido\/wp-content\/uploads\/2025\/10\/z.-formulario_unico_inscripcion_foro_comunal-1.doc\">Z. Formulario_Unico_Inscripcion_Foro_Comunal (1).doc<\/a><a href=\"https:\/\/concejopitalito.gov.co\/contenido\/wp-content\/uploads\/2025\/10\/z.-formulario_unico_inscripcion_foro_comunal-1.doc\" class=\"wp-block-file__button wp-element-button\" download>Descarga<\/a><\/div>\n\n\n\n<p><\/p>\n","protected":false},"excerpt":{"rendered":"<p>El Concejo Municipal de Pitalito, en cumplimiento del Acuerdo Municipal 019 de 2025 y conforme a lo dispuesto en la Resoluci\u00f3n 029 de 2025, abre oficialmente la convocatoria para la [&hellip;]<\/p>\n","protected":false},"author":3,"featured_media":2597,"comment_status":"closed","ping_status":"closed","sticky":false,"template":"","format":"standard","meta":{"footnotes":""},"categories":[9],"tags":[],"class_list":["post-2595","post","type-post","status-publish","format-standard","has-post-thumbnail","hentry","category-noticias"],"yoast_head":"<!-- This site is optimized with the Yoast SEO plugin v27.5 - https:\/\/yoast.com\/product\/yoast-seo-wordpress\/ -->\n<title>Concejo Municipal de Pitalito abre convocatoria para reconocer a los l\u00edderes comunales destacados del 2025 - Concejo Municipal de Pitalito<\/title>\n<meta name=\"robots\" content=\"index, follow, max-snippet:-1, max-image-preview:large, max-video-preview:-1\" \/>\n<link rel=\"canonical\" href=\"https:\/\/concejopitalito.gov.co\/contenido\/2025\/10\/29\/concejo-municipal-de-pitalito-abre-convocatoria-para-reconocer-a-los-lideres-comunales-destacados-del-2025\/\" \/>\n<meta property=\"og:locale\" content=\"es_ES\" \/>\n<meta property=\"og:type\" content=\"article\" \/>\n<meta property=\"og:title\" content=\"Concejo Municipal de Pitalito abre convocatoria para reconocer a los l\u00edderes comunales destacados del 2025 - Concejo Municipal de Pitalito\" \/>\n<meta property=\"og:description\" content=\"El Concejo Municipal de Pitalito, en cumplimiento del Acuerdo Municipal 019 de 2025 y conforme a lo dispuesto en la Resoluci\u00f3n 029 de 2025, abre oficialmente la convocatoria para la [&hellip;]\" \/>\n<meta property=\"og:url\" content=\"https:\/\/concejopitalito.gov.co\/contenido\/2025\/10\/29\/concejo-municipal-de-pitalito-abre-convocatoria-para-reconocer-a-los-lideres-comunales-destacados-del-2025\/\" \/>\n<meta property=\"og:site_name\" content=\"Concejo Municipal de Pitalito\" \/>\n<meta property=\"article:published_time\" content=\"2025-10-29T20:37:30+00:00\" \/>\n<meta property=\"article:modified_time\" content=\"2025-10-31T02:26:28+00:00\" \/>\n<meta property=\"og:image\" content=\"https:\/\/concejopitalito.gov.co\/contenido\/wp-content\/uploads\/2025\/10\/img_9725-1.jpg\" \/>\n\t<meta property=\"og:image:width\" content=\"2000\" \/>\n\t<meta property=\"og:image:height\" content=\"1500\" \/>\n\t<meta property=\"og:image:type\" content=\"image\/jpeg\" \/>\n<meta name=\"author\" content=\"Aura\" \/>\n<meta name=\"twitter:card\" content=\"summary_large_image\" \/>\n<meta name=\"twitter:label1\" content=\"Escrito por\" \/>\n\t<meta name=\"twitter:data1\" content=\"Aura\" \/>\n\t<meta name=\"twitter:label2\" content=\"Tiempo de lectura\" \/>\n\t<meta name=\"twitter:data2\" content=\"2 minutos\" \/>\n<script type=\"application\/ld+json\" class=\"yoast-schema-graph\">{\"@context\":\"https:\\\/\\\/schema.org\",\"@graph\":[{\"@type\":\"Article\",\"@id\":\"https:\\\/\\\/concejopitalito.gov.co\\\/contenido\\\/2025\\\/10\\\/29\\\/concejo-municipal-de-pitalito-abre-convocatoria-para-reconocer-a-los-lideres-comunales-destacados-del-2025\\\/#article\",\"isPartOf\":{\"@id\":\"https:\\\/\\\/concejopitalito.gov.co\\\/contenido\\\/2025\\\/10\\\/29\\\/concejo-municipal-de-pitalito-abre-convocatoria-para-reconocer-a-los-lideres-comunales-destacados-del-2025\\\/\"},\"author\":{\"name\":\"Aura\",\"@id\":\"https:\\\/\\\/concejopitalito.gov.co\\\/contenido\\\/#\\\/schema\\\/person\\\/e097e52cc833dd7389c0091657fb99a4\"},\"headline\":\"Concejo Municipal de Pitalito abre convocatoria para reconocer a los l\u00edderes comunales destacados del 2025\",\"datePublished\":\"2025-10-29T20:37:30+00:00\",\"dateModified\":\"2025-10-31T02:26:28+00:00\",\"mainEntityOfPage\":{\"@id\":\"https:\\\/\\\/concejopitalito.gov.co\\\/contenido\\\/2025\\\/10\\\/29\\\/concejo-municipal-de-pitalito-abre-convocatoria-para-reconocer-a-los-lideres-comunales-destacados-del-2025\\\/\"},\"wordCount\":351,\"publisher\":{\"@id\":\"https:\\\/\\\/concejopitalito.gov.co\\\/contenido\\\/#organization\"},\"image\":{\"@id\":\"https:\\\/\\\/concejopitalito.gov.co\\\/contenido\\\/2025\\\/10\\\/29\\\/concejo-municipal-de-pitalito-abre-convocatoria-para-reconocer-a-los-lideres-comunales-destacados-del-2025\\\/#primaryimage\"},\"thumbnailUrl\":\"https:\\\/\\\/concejopitalito.gov.co\\\/contenido\\\/wp-content\\\/uploads\\\/2025\\\/10\\\/img_9725-1.jpg\",\"articleSection\":[\"Noticias\"],\"inLanguage\":\"es\"},{\"@type\":\"WebPage\",\"@id\":\"https:\\\/\\\/concejopitalito.gov.co\\\/contenido\\\/2025\\\/10\\\/29\\\/concejo-municipal-de-pitalito-abre-convocatoria-para-reconocer-a-los-lideres-comunales-destacados-del-2025\\\/\",\"url\":\"https:\\\/\\\/concejopitalito.gov.co\\\/contenido\\\/2025\\\/10\\\/29\\\/concejo-municipal-de-pitalito-abre-convocatoria-para-reconocer-a-los-lideres-comunales-destacados-del-2025\\\/\",\"name\":\"Concejo Municipal de Pitalito abre convocatoria para reconocer a los l\u00edderes comunales destacados del 2025 - Concejo Municipal de Pitalito\",\"isPartOf\":{\"@id\":\"https:\\\/\\\/concejopitalito.gov.co\\\/contenido\\\/#website\"},\"primaryImageOfPage\":{\"@id\":\"https:\\\/\\\/concejopitalito.gov.co\\\/contenido\\\/2025\\\/10\\\/29\\\/concejo-municipal-de-pitalito-abre-convocatoria-para-reconocer-a-los-lideres-comunales-destacados-del-2025\\\/#primaryimage\"},\"image\":{\"@id\":\"https:\\\/\\\/concejopitalito.gov.co\\\/contenido\\\/2025\\\/10\\\/29\\\/concejo-municipal-de-pitalito-abre-convocatoria-para-reconocer-a-los-lideres-comunales-destacados-del-2025\\\/#primaryimage\"},\"thumbnailUrl\":\"https:\\\/\\\/concejopitalito.gov.co\\\/contenido\\\/wp-content\\\/uploads\\\/2025\\\/10\\\/img_9725-1.jpg\",\"datePublished\":\"2025-10-29T20:37:30+00:00\",\"dateModified\":\"2025-10-31T02:26:28+00:00\",\"breadcrumb\":{\"@id\":\"https:\\\/\\\/concejopitalito.gov.co\\\/contenido\\\/2025\\\/10\\\/29\\\/concejo-municipal-de-pitalito-abre-convocatoria-para-reconocer-a-los-lideres-comunales-destacados-del-2025\\\/#breadcrumb\"},\"inLanguage\":\"es\",\"potentialAction\":[{\"@type\":\"ReadAction\",\"target\":[\"https:\\\/\\\/concejopitalito.gov.co\\\/contenido\\\/2025\\\/10\\\/29\\\/concejo-municipal-de-pitalito-abre-convocatoria-para-reconocer-a-los-lideres-comunales-destacados-del-2025\\\/\"]}]},{\"@type\":\"ImageObject\",\"inLanguage\":\"es\",\"@id\":\"https:\\\/\\\/concejopitalito.gov.co\\\/contenido\\\/2025\\\/10\\\/29\\\/concejo-municipal-de-pitalito-abre-convocatoria-para-reconocer-a-los-lideres-comunales-destacados-del-2025\\\/#primaryimage\",\"url\":\"https:\\\/\\\/concejopitalito.gov.co\\\/contenido\\\/wp-content\\\/uploads\\\/2025\\\/10\\\/img_9725-1.jpg\",\"contentUrl\":\"https:\\\/\\\/concejopitalito.gov.co\\\/contenido\\\/wp-content\\\/uploads\\\/2025\\\/10\\\/img_9725-1.jpg\",\"width\":2000,\"height\":1500},{\"@type\":\"BreadcrumbList\",\"@id\":\"https:\\\/\\\/concejopitalito.gov.co\\\/contenido\\\/2025\\\/10\\\/29\\\/concejo-municipal-de-pitalito-abre-convocatoria-para-reconocer-a-los-lideres-comunales-destacados-del-2025\\\/#breadcrumb\",\"itemListElement\":[{\"@type\":\"ListItem\",\"position\":1,\"name\":\"Portada\",\"item\":\"https:\\\/\\\/concejopitalito.gov.co\\\/contenido\\\/\"},{\"@type\":\"ListItem\",\"position\":2,\"name\":\"Concejo Municipal de Pitalito abre convocatoria para reconocer a los l\u00edderes comunales destacados del 2025\"}]},{\"@type\":\"WebSite\",\"@id\":\"https:\\\/\\\/concejopitalito.gov.co\\\/contenido\\\/#website\",\"url\":\"https:\\\/\\\/concejopitalito.gov.co\\\/contenido\\\/\",\"name\":\"Concejo Municipal de Pitalito\",\"description\":\"Nuestro compromiso con Pitalito y los laboyanos es dar al cumplimiento de su misi\u00f3n institucional y legal, tendiente a permitir una \u00f3ptima gesti\u00f3n p\u00fablica que satisfaga las necesidades y expectativas de la comunidad, con base a los requisitos de eficiencia y eficacia y fundamentada en el principio de transparencia\",\"publisher\":{\"@id\":\"https:\\\/\\\/concejopitalito.gov.co\\\/contenido\\\/#organization\"},\"potentialAction\":[{\"@type\":\"SearchAction\",\"target\":{\"@type\":\"EntryPoint\",\"urlTemplate\":\"https:\\\/\\\/concejopitalito.gov.co\\\/contenido\\\/?s={search_term_string}\"},\"query-input\":{\"@type\":\"PropertyValueSpecification\",\"valueRequired\":true,\"valueName\":\"search_term_string\"}}],\"inLanguage\":\"es\"},{\"@type\":\"Organization\",\"@id\":\"https:\\\/\\\/concejopitalito.gov.co\\\/contenido\\\/#organization\",\"name\":\"Concejo Municipal Pitalito\",\"url\":\"https:\\\/\\\/concejopitalito.gov.co\\\/contenido\\\/\",\"logo\":{\"@type\":\"ImageObject\",\"inLanguage\":\"es\",\"@id\":\"https:\\\/\\\/concejopitalito.gov.co\\\/contenido\\\/#\\\/schema\\\/logo\\\/image\\\/\",\"url\":\"https:\\\/\\\/concejopitalito.gov.co\\\/contenido\\\/wp-content\\\/uploads\\\/2021\\\/06\\\/Logo-Concejo.png\",\"contentUrl\":\"https:\\\/\\\/concejopitalito.gov.co\\\/contenido\\\/wp-content\\\/uploads\\\/2021\\\/06\\\/Logo-Concejo.png\",\"width\":1594,\"height\":200,\"caption\":\"Concejo Municipal Pitalito\"},\"image\":{\"@id\":\"https:\\\/\\\/concejopitalito.gov.co\\\/contenido\\\/#\\\/schema\\\/logo\\\/image\\\/\"}},{\"@type\":\"Person\",\"@id\":\"https:\\\/\\\/concejopitalito.gov.co\\\/contenido\\\/#\\\/schema\\\/person\\\/e097e52cc833dd7389c0091657fb99a4\",\"name\":\"Aura\",\"image\":{\"@type\":\"ImageObject\",\"inLanguage\":\"es\",\"@id\":\"https:\\\/\\\/secure.gravatar.com\\\/avatar\\\/a31b9f930053975ebec0d93ae33a7d853ea633f5ef8bbb59be1d1f0e1306a29a?s=96&d=mm&r=g\",\"url\":\"https:\\\/\\\/secure.gravatar.com\\\/avatar\\\/a31b9f930053975ebec0d93ae33a7d853ea633f5ef8bbb59be1d1f0e1306a29a?s=96&d=mm&r=g\",\"contentUrl\":\"https:\\\/\\\/secure.gravatar.com\\\/avatar\\\/a31b9f930053975ebec0d93ae33a7d853ea633f5ef8bbb59be1d1f0e1306a29a?s=96&d=mm&r=g\",\"caption\":\"Aura\"},\"url\":\"https:\\\/\\\/concejopitalito.gov.co\\\/contenido\\\/author\\\/concejopitalito\\\/\"}]}<\/script>\n<!-- \/ Yoast SEO plugin. -->","yoast_head_json":{"title":"Concejo Municipal de Pitalito abre convocatoria para reconocer a los l\u00edderes comunales destacados del 2025 - Concejo Municipal de Pitalito","robots":{"index":"index","follow":"follow","max-snippet":"max-snippet:-1","max-image-preview":"max-image-preview:large","max-video-preview":"max-video-preview:-1"},"canonical":"https:\/\/concejopitalito.gov.co\/contenido\/2025\/10\/29\/concejo-municipal-de-pitalito-abre-convocatoria-para-reconocer-a-los-lideres-comunales-destacados-del-2025\/","og_locale":"es_ES","og_type":"article","og_title":"Concejo Municipal de Pitalito abre convocatoria para reconocer a los l\u00edderes comunales destacados del 2025 - Concejo Municipal de Pitalito","og_description":"El Concejo Municipal de Pitalito, en cumplimiento del Acuerdo Municipal 019 de 2025 y conforme a lo dispuesto en la Resoluci\u00f3n 029 de 2025, abre oficialmente la convocatoria para la [&hellip;]","og_url":"https:\/\/concejopitalito.gov.co\/contenido\/2025\/10\/29\/concejo-municipal-de-pitalito-abre-convocatoria-para-reconocer-a-los-lideres-comunales-destacados-del-2025\/","og_site_name":"Concejo Municipal de Pitalito","article_published_time":"2025-10-29T20:37:30+00:00","article_modified_time":"2025-10-31T02:26:28+00:00","og_image":[{"width":2000,"height":1500,"url":"https:\/\/concejopitalito.gov.co\/contenido\/wp-content\/uploads\/2025\/10\/img_9725-1.jpg","type":"image\/jpeg"}],"author":"Aura","twitter_card":"summary_large_image","twitter_misc":{"Escrito por":"Aura","Tiempo de lectura":"2 minutos"},"schema":{"@context":"https:\/\/schema.org","@graph":[{"@type":"Article","@id":"https:\/\/concejopitalito.gov.co\/contenido\/2025\/10\/29\/concejo-municipal-de-pitalito-abre-convocatoria-para-reconocer-a-los-lideres-comunales-destacados-del-2025\/#article","isPartOf":{"@id":"https:\/\/concejopitalito.gov.co\/contenido\/2025\/10\/29\/concejo-municipal-de-pitalito-abre-convocatoria-para-reconocer-a-los-lideres-comunales-destacados-del-2025\/"},"author":{"name":"Aura","@id":"https:\/\/concejopitalito.gov.co\/contenido\/#\/schema\/person\/e097e52cc833dd7389c0091657fb99a4"},"headline":"Concejo Municipal de Pitalito abre convocatoria para reconocer a los l\u00edderes comunales destacados del 2025","datePublished":"2025-10-29T20:37:30+00:00","dateModified":"2025-10-31T02:26:28+00:00","mainEntityOfPage":{"@id":"https:\/\/concejopitalito.gov.co\/contenido\/2025\/10\/29\/concejo-municipal-de-pitalito-abre-convocatoria-para-reconocer-a-los-lideres-comunales-destacados-del-2025\/"},"wordCount":351,"publisher":{"@id":"https:\/\/concejopitalito.gov.co\/contenido\/#organization"},"image":{"@id":"https:\/\/concejopitalito.gov.co\/contenido\/2025\/10\/29\/concejo-municipal-de-pitalito-abre-convocatoria-para-reconocer-a-los-lideres-comunales-destacados-del-2025\/#primaryimage"},"thumbnailUrl":"https:\/\/concejopitalito.gov.co\/contenido\/wp-content\/uploads\/2025\/10\/img_9725-1.jpg","articleSection":["Noticias"],"inLanguage":"es"},{"@type":"WebPage","@id":"https:\/\/concejopitalito.gov.co\/contenido\/2025\/10\/29\/concejo-municipal-de-pitalito-abre-convocatoria-para-reconocer-a-los-lideres-comunales-destacados-del-2025\/","url":"https:\/\/concejopitalito.gov.co\/contenido\/2025\/10\/29\/concejo-municipal-de-pitalito-abre-convocatoria-para-reconocer-a-los-lideres-comunales-destacados-del-2025\/","name":"Concejo Municipal de Pitalito abre convocatoria para reconocer a los l\u00edderes comunales destacados del 2025 - Concejo Municipal de Pitalito","isPartOf":{"@id":"https:\/\/concejopitalito.gov.co\/contenido\/#website"},"primaryImageOfPage":{"@id":"https:\/\/concejopitalito.gov.co\/contenido\/2025\/10\/29\/concejo-municipal-de-pitalito-abre-convocatoria-para-reconocer-a-los-lideres-comunales-destacados-del-2025\/#primaryimage"},"image":{"@id":"https:\/\/concejopitalito.gov.co\/contenido\/2025\/10\/29\/concejo-municipal-de-pitalito-abre-convocatoria-para-reconocer-a-los-lideres-comunales-destacados-del-2025\/#primaryimage"},"thumbnailUrl":"https:\/\/concejopitalito.gov.co\/contenido\/wp-content\/uploads\/2025\/10\/img_9725-1.jpg","datePublished":"2025-10-29T20:37:30+00:00","dateModified":"2025-10-31T02:26:28+00:00","breadcrumb":{"@id":"https:\/\/concejopitalito.gov.co\/contenido\/2025\/10\/29\/concejo-municipal-de-pitalito-abre-convocatoria-para-reconocer-a-los-lideres-comunales-destacados-del-2025\/#breadcrumb"},"inLanguage":"es","potentialAction":[{"@type":"ReadAction","target":["https:\/\/concejopitalito.gov.co\/contenido\/2025\/10\/29\/concejo-municipal-de-pitalito-abre-convocatoria-para-reconocer-a-los-lideres-comunales-destacados-del-2025\/"]}]},{"@type":"ImageObject","inLanguage":"es","@id":"https:\/\/concejopitalito.gov.co\/contenido\/2025\/10\/29\/concejo-municipal-de-pitalito-abre-convocatoria-para-reconocer-a-los-lideres-comunales-destacados-del-2025\/#primaryimage","url":"https:\/\/concejopitalito.gov.co\/contenido\/wp-content\/uploads\/2025\/10\/img_9725-1.jpg","contentUrl":"https:\/\/concejopitalito.gov.co\/contenido\/wp-content\/uploads\/2025\/10\/img_9725-1.jpg","width":2000,"height":1500},{"@type":"BreadcrumbList","@id":"https:\/\/concejopitalito.gov.co\/contenido\/2025\/10\/29\/concejo-municipal-de-pitalito-abre-convocatoria-para-reconocer-a-los-lideres-comunales-destacados-del-2025\/#breadcrumb","itemListElement":[{"@type":"ListItem","position":1,"name":"Portada","item":"https:\/\/concejopitalito.gov.co\/contenido\/"},{"@type":"ListItem","position":2,"name":"Concejo Municipal de Pitalito abre convocatoria para reconocer a los l\u00edderes comunales destacados del 2025"}]},{"@type":"WebSite","@id":"https:\/\/concejopitalito.gov.co\/contenido\/#website","url":"https:\/\/concejopitalito.gov.co\/contenido\/","name":"Concejo Municipal de Pitalito","description":"Nuestro compromiso con Pitalito y los laboyanos es dar al cumplimiento de su misi\u00f3n institucional y legal, tendiente a permitir una \u00f3ptima gesti\u00f3n p\u00fablica que satisfaga las necesidades y expectativas de la comunidad, con base a los requisitos de eficiencia y eficacia y fundamentada en el principio de transparencia","publisher":{"@id":"https:\/\/concejopitalito.gov.co\/contenido\/#organization"},"potentialAction":[{"@type":"SearchAction","target":{"@type":"EntryPoint","urlTemplate":"https:\/\/concejopitalito.gov.co\/contenido\/?s={search_term_string}"},"query-input":{"@type":"PropertyValueSpecification","valueRequired":true,"valueName":"search_term_string"}}],"inLanguage":"es"},{"@type":"Organization","@id":"https:\/\/concejopitalito.gov.co\/contenido\/#organization","name":"Concejo Municipal Pitalito","url":"https:\/\/concejopitalito.gov.co\/contenido\/","logo":{"@type":"ImageObject","inLanguage":"es","@id":"https:\/\/concejopitalito.gov.co\/contenido\/#\/schema\/logo\/image\/","url":"https:\/\/concejopitalito.gov.co\/contenido\/wp-content\/uploads\/2021\/06\/Logo-Concejo.png","contentUrl":"https:\/\/concejopitalito.gov.co\/contenido\/wp-content\/uploads\/2021\/06\/Logo-Concejo.png","width":1594,"height":200,"caption":"Concejo Municipal Pitalito"},"image":{"@id":"https:\/\/concejopitalito.gov.co\/contenido\/#\/schema\/logo\/image\/"}},{"@type":"Person","@id":"https:\/\/concejopitalito.gov.co\/contenido\/#\/schema\/person\/e097e52cc833dd7389c0091657fb99a4","name":"Aura","image":{"@type":"ImageObject","inLanguage":"es","@id":"https:\/\/secure.gravatar.com\/avatar\/a31b9f930053975ebec0d93ae33a7d853ea633f5ef8bbb59be1d1f0e1306a29a?s=96&d=mm&r=g","url":"https:\/\/secure.gravatar.com\/avatar\/a31b9f930053975ebec0d93ae33a7d853ea633f5ef8bbb59be1d1f0e1306a29a?s=96&d=mm&r=g","contentUrl":"https:\/\/secure.gravatar.com\/avatar\/a31b9f930053975ebec0d93ae33a7d853ea633f5ef8bbb59be1d1f0e1306a29a?s=96&d=mm&r=g","caption":"Aura"},"url":"https:\/\/concejopitalito.gov.co\/contenido\/author\/concejopitalito\/"}]}},"_links":{"self":[{"href":"https:\/\/concejopitalito.gov.co\/contenido\/wp-json\/wp\/v2\/posts\/2595","targetHints":{"allow":["GET"]}}],"collection":[{"href":"https:\/\/concejopitalito.gov.co\/contenido\/wp-json\/wp\/v2\/posts"}],"about":[{"href":"https:\/\/concejopitalito.gov.co\/contenido\/wp-json\/wp\/v2\/types\/post"}],"author":[{"embeddable":true,"href":"https:\/\/concejopitalito.gov.co\/contenido\/wp-json\/wp\/v2\/users\/3"}],"replies":[{"embeddable":true,"href":"https:\/\/concejopitalito.gov.co\/contenido\/wp-json\/wp\/v2\/comments?post=2595"}],"version-history":[{"count":2,"href":"https:\/\/concejopitalito.gov.co\/contenido\/wp-json\/wp\/v2\/posts\/2595\/revisions"}],"predecessor-version":[{"id":2603,"href":"https:\/\/concejopitalito.gov.co\/contenido\/wp-json\/wp\/v2\/posts\/2595\/revisions\/2603"}],"wp:featuredmedia":[{"embeddable":true,"href":"https:\/\/concejopitalito.gov.co\/contenido\/wp-json\/wp\/v2\/media\/2597"}],"wp:attachment":[{"href":"https:\/\/concejopitalito.gov.co\/contenido\/wp-json\/wp\/v2\/media?parent=2595"}],"wp:term":[{"taxonomy":"category","embeddable":true,"href":"https:\/\/concejopitalito.gov.co\/contenido\/wp-json\/wp\/v2\/categories?post=2595"},{"taxonomy":"post_tag","embeddable":true,"href":"https:\/\/concejopitalito.gov.co\/contenido\/wp-json\/wp\/v2\/tags?post=2595"}],"curies":[{"name":"wp","href":"https:\/\/api.w.org\/{rel}","templated":true}]}}