{"id":2582,"date":"2025-10-24T08:50:13","date_gmt":"2025-10-24T13:50:13","guid":{"rendered":"https:\/\/concejopitalito.gov.co\/contenido\/?p=2582"},"modified":"2025-10-29T15:41:07","modified_gmt":"2025-10-29T20:41:07","slug":"apertura-oficial-de-la-convocatoria-para-secretaria-general-del-concejo-municipal-de-pitalito-vigencia-2026","status":"publish","type":"post","link":"https:\/\/concejopitalito.gov.co\/contenido\/2025\/10\/24\/apertura-oficial-de-la-convocatoria-para-secretaria-general-del-concejo-municipal-de-pitalito-vigencia-2026\/","title":{"rendered":"APERTURA OFICIAL DE LA CONVOCATORIA PARA SECRETAR\u00cdA GENERAL DEL CONCEJO MUNICIPAL DE PITALITO \u2013 VIGENCIA 2026"},"content":{"rendered":"\n<p>El Honorable Concejo Municipal de Pitalito, mediante la Convocatoria P\u00fablica No. 001 de 2025, da apertura oficial al proceso de elecci\u00f3n del Secretario General para la vigencia 2026, conforme a lo establecido en el art\u00edculo 37 de la Ley 136 de 1994.<\/p>\n\n\n\n<p>La Mesa Directiva, presidida por el honorable concejal Yilver Augusto Neuta, junto al primer vicepresidente Harold Calder\u00f3n y el segundo vicepresidente Jairo Enciso Mu\u00f1oz, ha iniciado formalmente esta convocatoria, garantizando un proceso transparente, p\u00fablico y conforme a la normatividad vigente.<\/p>\n\n\n\n<div data-wp-interactive=\"core\/file\" class=\"wp-block-file\"><object data-wp-bind--hidden=\"!state.hasPdfPreview\" hidden class=\"wp-block-file__embed\" data=\"https:\/\/concejopitalito.gov.co\/contenido\/wp-content\/uploads\/2025\/10\/CONVOCATORIA-001-DE-2025-ELECCION-SECRETARIO-CONCEJO-2026.pdf\" type=\"application\/pdf\" style=\"width:100%;height:600px\" aria-label=\"Incrustado de CONVOCATORIA 001 DE 2025 ELECCION SECRETARIO CONCEJO 2026.\"><\/object><a id=\"wp-block-file--media-dfc5779b-49a4-4a21-9c76-89e65e823d32\" href=\"https:\/\/concejopitalito.gov.co\/contenido\/wp-content\/uploads\/2025\/10\/CONVOCATORIA-001-DE-2025-ELECCION-SECRETARIO-CONCEJO-2026.pdf\">CONVOCATORIA 001 DE 2025 ELECCION SECRETARIO CONCEJO 2026<\/a><a href=\"https:\/\/concejopitalito.gov.co\/contenido\/wp-content\/uploads\/2025\/10\/CONVOCATORIA-001-DE-2025-ELECCION-SECRETARIO-CONCEJO-2026.pdf\" class=\"wp-block-file__button wp-element-button\" download aria-describedby=\"wp-block-file--media-dfc5779b-49a4-4a21-9c76-89e65e823d32\">Descarga<\/a><\/div>\n\n\n\n<figure class=\"wp-block-image size-large\"><img fetchpriority=\"high\" decoding=\"async\" width=\"1024\" height=\"683\" src=\"https:\/\/concejopitalito.gov.co\/contenido\/wp-content\/uploads\/2025\/10\/DSC_0321-1024x683.jpg\" alt=\"\" class=\"wp-image-2589\" srcset=\"https:\/\/concejopitalito.gov.co\/contenido\/wp-content\/uploads\/2025\/10\/DSC_0321-1024x683.jpg 1024w, https:\/\/concejopitalito.gov.co\/contenido\/wp-content\/uploads\/2025\/10\/DSC_0321-300x200.jpg 300w, https:\/\/concejopitalito.gov.co\/contenido\/wp-content\/uploads\/2025\/10\/DSC_0321-768x512.jpg 768w, https:\/\/concejopitalito.gov.co\/contenido\/wp-content\/uploads\/2025\/10\/DSC_0321-1536x1024.jpg 1536w, https:\/\/concejopitalito.gov.co\/contenido\/wp-content\/uploads\/2025\/10\/DSC_0321-2048x1365.jpg 2048w\" sizes=\"(max-width: 1024px) 100vw, 1024px\" \/><\/figure>\n","protected":false},"excerpt":{"rendered":"<p>El Honorable Concejo Municipal de Pitalito, mediante la Convocatoria P\u00fablica No. 001 de 2025, da apertura oficial al proceso de elecci\u00f3n del Secretario General para la vigencia 2026, conforme a [&hellip;]<\/p>\n","protected":false},"author":3,"featured_media":2598,"comment_status":"closed","ping_status":"closed","sticky":false,"template":"","format":"standard","meta":{"footnotes":""},"categories":[9],"tags":[],"class_list":["post-2582","post","type-post","status-publish","format-standard","has-post-thumbnail","hentry","category-noticias"],"yoast_head":"<!-- This site is optimized with the Yoast SEO plugin v27.5 - https:\/\/yoast.com\/product\/yoast-seo-wordpress\/ -->\n<title>APERTURA OFICIAL DE LA CONVOCATORIA PARA SECRETAR\u00cdA GENERAL DEL CONCEJO MUNICIPAL DE PITALITO \u2013 VIGENCIA 2026 - Concejo Municipal de Pitalito<\/title>\n<meta name=\"robots\" content=\"index, follow, max-snippet:-1, max-image-preview:large, max-video-preview:-1\" \/>\n<link rel=\"canonical\" href=\"https:\/\/concejopitalito.gov.co\/contenido\/2025\/10\/24\/apertura-oficial-de-la-convocatoria-para-secretaria-general-del-concejo-municipal-de-pitalito-vigencia-2026\/\" \/>\n<meta property=\"og:locale\" content=\"es_ES\" \/>\n<meta property=\"og:type\" content=\"article\" \/>\n<meta property=\"og:title\" content=\"APERTURA OFICIAL DE LA CONVOCATORIA PARA SECRETAR\u00cdA GENERAL DEL CONCEJO MUNICIPAL DE PITALITO \u2013 VIGENCIA 2026 - Concejo Municipal de Pitalito\" \/>\n<meta property=\"og:description\" content=\"El Honorable Concejo Municipal de Pitalito, mediante la Convocatoria P\u00fablica No. 001 de 2025, da apertura oficial al proceso de elecci\u00f3n del Secretario General para la vigencia 2026, conforme a [&hellip;]\" \/>\n<meta property=\"og:url\" content=\"https:\/\/concejopitalito.gov.co\/contenido\/2025\/10\/24\/apertura-oficial-de-la-convocatoria-para-secretaria-general-del-concejo-municipal-de-pitalito-vigencia-2026\/\" \/>\n<meta property=\"og:site_name\" content=\"Concejo Municipal de Pitalito\" \/>\n<meta property=\"article:published_time\" content=\"2025-10-24T13:50:13+00:00\" \/>\n<meta property=\"article:modified_time\" content=\"2025-10-29T20:41:07+00:00\" \/>\n<meta property=\"og:image\" content=\"https:\/\/concejopitalito.gov.co\/contenido\/wp-content\/uploads\/2025\/10\/img_9650.jpg\" \/>\n\t<meta property=\"og:image:width\" content=\"2000\" \/>\n\t<meta property=\"og:image:height\" content=\"1500\" \/>\n\t<meta property=\"og:image:type\" content=\"image\/jpeg\" \/>\n<meta name=\"author\" content=\"Aura\" \/>\n<meta name=\"twitter:card\" content=\"summary_large_image\" \/>\n<meta name=\"twitter:label1\" content=\"Escrito por\" \/>\n\t<meta name=\"twitter:data1\" content=\"Aura\" \/>\n\t<meta name=\"twitter:label2\" content=\"Tiempo de lectura\" \/>\n\t<meta name=\"twitter:data2\" content=\"1 minuto\" \/>\n<script type=\"application\/ld+json\" class=\"yoast-schema-graph\">{\"@context\":\"https:\\\/\\\/schema.org\",\"@graph\":[{\"@type\":\"Article\",\"@id\":\"https:\\\/\\\/concejopitalito.gov.co\\\/contenido\\\/2025\\\/10\\\/24\\\/apertura-oficial-de-la-convocatoria-para-secretaria-general-del-concejo-municipal-de-pitalito-vigencia-2026\\\/#article\",\"isPartOf\":{\"@id\":\"https:\\\/\\\/concejopitalito.gov.co\\\/contenido\\\/2025\\\/10\\\/24\\\/apertura-oficial-de-la-convocatoria-para-secretaria-general-del-concejo-municipal-de-pitalito-vigencia-2026\\\/\"},\"author\":{\"name\":\"Aura\",\"@id\":\"https:\\\/\\\/concejopitalito.gov.co\\\/contenido\\\/#\\\/schema\\\/person\\\/e097e52cc833dd7389c0091657fb99a4\"},\"headline\":\"APERTURA OFICIAL DE LA CONVOCATORIA PARA SECRETAR\u00cdA GENERAL DEL CONCEJO MUNICIPAL DE PITALITO \u2013 VIGENCIA 2026\",\"datePublished\":\"2025-10-24T13:50:13+00:00\",\"dateModified\":\"2025-10-29T20:41:07+00:00\",\"mainEntityOfPage\":{\"@id\":\"https:\\\/\\\/concejopitalito.gov.co\\\/contenido\\\/2025\\\/10\\\/24\\\/apertura-oficial-de-la-convocatoria-para-secretaria-general-del-concejo-municipal-de-pitalito-vigencia-2026\\\/\"},\"wordCount\":103,\"publisher\":{\"@id\":\"https:\\\/\\\/concejopitalito.gov.co\\\/contenido\\\/#organization\"},\"image\":{\"@id\":\"https:\\\/\\\/concejopitalito.gov.co\\\/contenido\\\/2025\\\/10\\\/24\\\/apertura-oficial-de-la-convocatoria-para-secretaria-general-del-concejo-municipal-de-pitalito-vigencia-2026\\\/#primaryimage\"},\"thumbnailUrl\":\"https:\\\/\\\/concejopitalito.gov.co\\\/contenido\\\/wp-content\\\/uploads\\\/2025\\\/10\\\/img_9650.jpg\",\"articleSection\":[\"Noticias\"],\"inLanguage\":\"es\"},{\"@type\":\"WebPage\",\"@id\":\"https:\\\/\\\/concejopitalito.gov.co\\\/contenido\\\/2025\\\/10\\\/24\\\/apertura-oficial-de-la-convocatoria-para-secretaria-general-del-concejo-municipal-de-pitalito-vigencia-2026\\\/\",\"url\":\"https:\\\/\\\/concejopitalito.gov.co\\\/contenido\\\/2025\\\/10\\\/24\\\/apertura-oficial-de-la-convocatoria-para-secretaria-general-del-concejo-municipal-de-pitalito-vigencia-2026\\\/\",\"name\":\"APERTURA OFICIAL DE LA CONVOCATORIA PARA SECRETAR\u00cdA GENERAL DEL CONCEJO MUNICIPAL DE PITALITO \u2013 VIGENCIA 2026 - Concejo Municipal de Pitalito\",\"isPartOf\":{\"@id\":\"https:\\\/\\\/concejopitalito.gov.co\\\/contenido\\\/#website\"},\"primaryImageOfPage\":{\"@id\":\"https:\\\/\\\/concejopitalito.gov.co\\\/contenido\\\/2025\\\/10\\\/24\\\/apertura-oficial-de-la-convocatoria-para-secretaria-general-del-concejo-municipal-de-pitalito-vigencia-2026\\\/#primaryimage\"},\"image\":{\"@id\":\"https:\\\/\\\/concejopitalito.gov.co\\\/contenido\\\/2025\\\/10\\\/24\\\/apertura-oficial-de-la-convocatoria-para-secretaria-general-del-concejo-municipal-de-pitalito-vigencia-2026\\\/#primaryimage\"},\"thumbnailUrl\":\"https:\\\/\\\/concejopitalito.gov.co\\\/contenido\\\/wp-content\\\/uploads\\\/2025\\\/10\\\/img_9650.jpg\",\"datePublished\":\"2025-10-24T13:50:13+00:00\",\"dateModified\":\"2025-10-29T20:41:07+00:00\",\"breadcrumb\":{\"@id\":\"https:\\\/\\\/concejopitalito.gov.co\\\/contenido\\\/2025\\\/10\\\/24\\\/apertura-oficial-de-la-convocatoria-para-secretaria-general-del-concejo-municipal-de-pitalito-vigencia-2026\\\/#breadcrumb\"},\"inLanguage\":\"es\",\"potentialAction\":[{\"@type\":\"ReadAction\",\"target\":[\"https:\\\/\\\/concejopitalito.gov.co\\\/contenido\\\/2025\\\/10\\\/24\\\/apertura-oficial-de-la-convocatoria-para-secretaria-general-del-concejo-municipal-de-pitalito-vigencia-2026\\\/\"]}]},{\"@type\":\"ImageObject\",\"inLanguage\":\"es\",\"@id\":\"https:\\\/\\\/concejopitalito.gov.co\\\/contenido\\\/2025\\\/10\\\/24\\\/apertura-oficial-de-la-convocatoria-para-secretaria-general-del-concejo-municipal-de-pitalito-vigencia-2026\\\/#primaryimage\",\"url\":\"https:\\\/\\\/concejopitalito.gov.co\\\/contenido\\\/wp-content\\\/uploads\\\/2025\\\/10\\\/img_9650.jpg\",\"contentUrl\":\"https:\\\/\\\/concejopitalito.gov.co\\\/contenido\\\/wp-content\\\/uploads\\\/2025\\\/10\\\/img_9650.jpg\",\"width\":2000,\"height\":1500},{\"@type\":\"BreadcrumbList\",\"@id\":\"https:\\\/\\\/concejopitalito.gov.co\\\/contenido\\\/2025\\\/10\\\/24\\\/apertura-oficial-de-la-convocatoria-para-secretaria-general-del-concejo-municipal-de-pitalito-vigencia-2026\\\/#breadcrumb\",\"itemListElement\":[{\"@type\":\"ListItem\",\"position\":1,\"name\":\"Portada\",\"item\":\"https:\\\/\\\/concejopitalito.gov.co\\\/contenido\\\/\"},{\"@type\":\"ListItem\",\"position\":2,\"name\":\"APERTURA OFICIAL DE LA CONVOCATORIA PARA SECRETAR\u00cdA GENERAL DEL CONCEJO MUNICIPAL DE PITALITO \u2013 VIGENCIA 2026\"}]},{\"@type\":\"WebSite\",\"@id\":\"https:\\\/\\\/concejopitalito.gov.co\\\/contenido\\\/#website\",\"url\":\"https:\\\/\\\/concejopitalito.gov.co\\\/contenido\\\/\",\"name\":\"Concejo Municipal de Pitalito\",\"description\":\"Nuestro compromiso con Pitalito y los laboyanos es dar al cumplimiento de su misi\u00f3n institucional y legal, tendiente a permitir una \u00f3ptima gesti\u00f3n p\u00fablica que satisfaga las necesidades y expectativas de la comunidad, con base a los requisitos de eficiencia y eficacia y fundamentada en el principio de transparencia\",\"publisher\":{\"@id\":\"https:\\\/\\\/concejopitalito.gov.co\\\/contenido\\\/#organization\"},\"potentialAction\":[{\"@type\":\"SearchAction\",\"target\":{\"@type\":\"EntryPoint\",\"urlTemplate\":\"https:\\\/\\\/concejopitalito.gov.co\\\/contenido\\\/?s={search_term_string}\"},\"query-input\":{\"@type\":\"PropertyValueSpecification\",\"valueRequired\":true,\"valueName\":\"search_term_string\"}}],\"inLanguage\":\"es\"},{\"@type\":\"Organization\",\"@id\":\"https:\\\/\\\/concejopitalito.gov.co\\\/contenido\\\/#organization\",\"name\":\"Concejo Municipal Pitalito\",\"url\":\"https:\\\/\\\/concejopitalito.gov.co\\\/contenido\\\/\",\"logo\":{\"@type\":\"ImageObject\",\"inLanguage\":\"es\",\"@id\":\"https:\\\/\\\/concejopitalito.gov.co\\\/contenido\\\/#\\\/schema\\\/logo\\\/image\\\/\",\"url\":\"https:\\\/\\\/concejopitalito.gov.co\\\/contenido\\\/wp-content\\\/uploads\\\/2021\\\/06\\\/Logo-Concejo.png\",\"contentUrl\":\"https:\\\/\\\/concejopitalito.gov.co\\\/contenido\\\/wp-content\\\/uploads\\\/2021\\\/06\\\/Logo-Concejo.png\",\"width\":1594,\"height\":200,\"caption\":\"Concejo Municipal Pitalito\"},\"image\":{\"@id\":\"https:\\\/\\\/concejopitalito.gov.co\\\/contenido\\\/#\\\/schema\\\/logo\\\/image\\\/\"}},{\"@type\":\"Person\",\"@id\":\"https:\\\/\\\/concejopitalito.gov.co\\\/contenido\\\/#\\\/schema\\\/person\\\/e097e52cc833dd7389c0091657fb99a4\",\"name\":\"Aura\",\"image\":{\"@type\":\"ImageObject\",\"inLanguage\":\"es\",\"@id\":\"https:\\\/\\\/secure.gravatar.com\\\/avatar\\\/a31b9f930053975ebec0d93ae33a7d853ea633f5ef8bbb59be1d1f0e1306a29a?s=96&d=mm&r=g\",\"url\":\"https:\\\/\\\/secure.gravatar.com\\\/avatar\\\/a31b9f930053975ebec0d93ae33a7d853ea633f5ef8bbb59be1d1f0e1306a29a?s=96&d=mm&r=g\",\"contentUrl\":\"https:\\\/\\\/secure.gravatar.com\\\/avatar\\\/a31b9f930053975ebec0d93ae33a7d853ea633f5ef8bbb59be1d1f0e1306a29a?s=96&d=mm&r=g\",\"caption\":\"Aura\"},\"url\":\"https:\\\/\\\/concejopitalito.gov.co\\\/contenido\\\/author\\\/concejopitalito\\\/\"}]}<\/script>\n<!-- \/ Yoast SEO plugin. -->","yoast_head_json":{"title":"APERTURA OFICIAL DE LA CONVOCATORIA PARA SECRETAR\u00cdA GENERAL DEL CONCEJO MUNICIPAL DE PITALITO \u2013 VIGENCIA 2026 - Concejo Municipal de Pitalito","robots":{"index":"index","follow":"follow","max-snippet":"max-snippet:-1","max-image-preview":"max-image-preview:large","max-video-preview":"max-video-preview:-1"},"canonical":"https:\/\/concejopitalito.gov.co\/contenido\/2025\/10\/24\/apertura-oficial-de-la-convocatoria-para-secretaria-general-del-concejo-municipal-de-pitalito-vigencia-2026\/","og_locale":"es_ES","og_type":"article","og_title":"APERTURA OFICIAL DE LA CONVOCATORIA PARA SECRETAR\u00cdA GENERAL DEL CONCEJO MUNICIPAL DE PITALITO \u2013 VIGENCIA 2026 - Concejo Municipal de Pitalito","og_description":"El Honorable Concejo Municipal de Pitalito, mediante la Convocatoria P\u00fablica No. 001 de 2025, da apertura oficial al proceso de elecci\u00f3n del Secretario General para la vigencia 2026, conforme a [&hellip;]","og_url":"https:\/\/concejopitalito.gov.co\/contenido\/2025\/10\/24\/apertura-oficial-de-la-convocatoria-para-secretaria-general-del-concejo-municipal-de-pitalito-vigencia-2026\/","og_site_name":"Concejo Municipal de Pitalito","article_published_time":"2025-10-24T13:50:13+00:00","article_modified_time":"2025-10-29T20:41:07+00:00","og_image":[{"width":2000,"height":1500,"url":"https:\/\/concejopitalito.gov.co\/contenido\/wp-content\/uploads\/2025\/10\/img_9650.jpg","type":"image\/jpeg"}],"author":"Aura","twitter_card":"summary_large_image","twitter_misc":{"Escrito por":"Aura","Tiempo de lectura":"1 minuto"},"schema":{"@context":"https:\/\/schema.org","@graph":[{"@type":"Article","@id":"https:\/\/concejopitalito.gov.co\/contenido\/2025\/10\/24\/apertura-oficial-de-la-convocatoria-para-secretaria-general-del-concejo-municipal-de-pitalito-vigencia-2026\/#article","isPartOf":{"@id":"https:\/\/concejopitalito.gov.co\/contenido\/2025\/10\/24\/apertura-oficial-de-la-convocatoria-para-secretaria-general-del-concejo-municipal-de-pitalito-vigencia-2026\/"},"author":{"name":"Aura","@id":"https:\/\/concejopitalito.gov.co\/contenido\/#\/schema\/person\/e097e52cc833dd7389c0091657fb99a4"},"headline":"APERTURA OFICIAL DE LA CONVOCATORIA PARA SECRETAR\u00cdA GENERAL DEL CONCEJO MUNICIPAL DE PITALITO \u2013 VIGENCIA 2026","datePublished":"2025-10-24T13:50:13+00:00","dateModified":"2025-10-29T20:41:07+00:00","mainEntityOfPage":{"@id":"https:\/\/concejopitalito.gov.co\/contenido\/2025\/10\/24\/apertura-oficial-de-la-convocatoria-para-secretaria-general-del-concejo-municipal-de-pitalito-vigencia-2026\/"},"wordCount":103,"publisher":{"@id":"https:\/\/concejopitalito.gov.co\/contenido\/#organization"},"image":{"@id":"https:\/\/concejopitalito.gov.co\/contenido\/2025\/10\/24\/apertura-oficial-de-la-convocatoria-para-secretaria-general-del-concejo-municipal-de-pitalito-vigencia-2026\/#primaryimage"},"thumbnailUrl":"https:\/\/concejopitalito.gov.co\/contenido\/wp-content\/uploads\/2025\/10\/img_9650.jpg","articleSection":["Noticias"],"inLanguage":"es"},{"@type":"WebPage","@id":"https:\/\/concejopitalito.gov.co\/contenido\/2025\/10\/24\/apertura-oficial-de-la-convocatoria-para-secretaria-general-del-concejo-municipal-de-pitalito-vigencia-2026\/","url":"https:\/\/concejopitalito.gov.co\/contenido\/2025\/10\/24\/apertura-oficial-de-la-convocatoria-para-secretaria-general-del-concejo-municipal-de-pitalito-vigencia-2026\/","name":"APERTURA OFICIAL DE LA CONVOCATORIA PARA SECRETAR\u00cdA GENERAL DEL CONCEJO MUNICIPAL DE PITALITO \u2013 VIGENCIA 2026 - Concejo Municipal de Pitalito","isPartOf":{"@id":"https:\/\/concejopitalito.gov.co\/contenido\/#website"},"primaryImageOfPage":{"@id":"https:\/\/concejopitalito.gov.co\/contenido\/2025\/10\/24\/apertura-oficial-de-la-convocatoria-para-secretaria-general-del-concejo-municipal-de-pitalito-vigencia-2026\/#primaryimage"},"image":{"@id":"https:\/\/concejopitalito.gov.co\/contenido\/2025\/10\/24\/apertura-oficial-de-la-convocatoria-para-secretaria-general-del-concejo-municipal-de-pitalito-vigencia-2026\/#primaryimage"},"thumbnailUrl":"https:\/\/concejopitalito.gov.co\/contenido\/wp-content\/uploads\/2025\/10\/img_9650.jpg","datePublished":"2025-10-24T13:50:13+00:00","dateModified":"2025-10-29T20:41:07+00:00","breadcrumb":{"@id":"https:\/\/concejopitalito.gov.co\/contenido\/2025\/10\/24\/apertura-oficial-de-la-convocatoria-para-secretaria-general-del-concejo-municipal-de-pitalito-vigencia-2026\/#breadcrumb"},"inLanguage":"es","potentialAction":[{"@type":"ReadAction","target":["https:\/\/concejopitalito.gov.co\/contenido\/2025\/10\/24\/apertura-oficial-de-la-convocatoria-para-secretaria-general-del-concejo-municipal-de-pitalito-vigencia-2026\/"]}]},{"@type":"ImageObject","inLanguage":"es","@id":"https:\/\/concejopitalito.gov.co\/contenido\/2025\/10\/24\/apertura-oficial-de-la-convocatoria-para-secretaria-general-del-concejo-municipal-de-pitalito-vigencia-2026\/#primaryimage","url":"https:\/\/concejopitalito.gov.co\/contenido\/wp-content\/uploads\/2025\/10\/img_9650.jpg","contentUrl":"https:\/\/concejopitalito.gov.co\/contenido\/wp-content\/uploads\/2025\/10\/img_9650.jpg","width":2000,"height":1500},{"@type":"BreadcrumbList","@id":"https:\/\/concejopitalito.gov.co\/contenido\/2025\/10\/24\/apertura-oficial-de-la-convocatoria-para-secretaria-general-del-concejo-municipal-de-pitalito-vigencia-2026\/#breadcrumb","itemListElement":[{"@type":"ListItem","position":1,"name":"Portada","item":"https:\/\/concejopitalito.gov.co\/contenido\/"},{"@type":"ListItem","position":2,"name":"APERTURA OFICIAL DE LA CONVOCATORIA PARA SECRETAR\u00cdA GENERAL DEL CONCEJO MUNICIPAL DE PITALITO \u2013 VIGENCIA 2026"}]},{"@type":"WebSite","@id":"https:\/\/concejopitalito.gov.co\/contenido\/#website","url":"https:\/\/concejopitalito.gov.co\/contenido\/","name":"Concejo Municipal de Pitalito","description":"Nuestro compromiso con Pitalito y los laboyanos es dar al cumplimiento de su misi\u00f3n institucional y legal, tendiente a permitir una \u00f3ptima gesti\u00f3n p\u00fablica que satisfaga las necesidades y expectativas de la comunidad, con base a los requisitos de eficiencia y eficacia y fundamentada en el principio de transparencia","publisher":{"@id":"https:\/\/concejopitalito.gov.co\/contenido\/#organization"},"potentialAction":[{"@type":"SearchAction","target":{"@type":"EntryPoint","urlTemplate":"https:\/\/concejopitalito.gov.co\/contenido\/?s={search_term_string}"},"query-input":{"@type":"PropertyValueSpecification","valueRequired":true,"valueName":"search_term_string"}}],"inLanguage":"es"},{"@type":"Organization","@id":"https:\/\/concejopitalito.gov.co\/contenido\/#organization","name":"Concejo Municipal Pitalito","url":"https:\/\/concejopitalito.gov.co\/contenido\/","logo":{"@type":"ImageObject","inLanguage":"es","@id":"https:\/\/concejopitalito.gov.co\/contenido\/#\/schema\/logo\/image\/","url":"https:\/\/concejopitalito.gov.co\/contenido\/wp-content\/uploads\/2021\/06\/Logo-Concejo.png","contentUrl":"https:\/\/concejopitalito.gov.co\/contenido\/wp-content\/uploads\/2021\/06\/Logo-Concejo.png","width":1594,"height":200,"caption":"Concejo Municipal Pitalito"},"image":{"@id":"https:\/\/concejopitalito.gov.co\/contenido\/#\/schema\/logo\/image\/"}},{"@type":"Person","@id":"https:\/\/concejopitalito.gov.co\/contenido\/#\/schema\/person\/e097e52cc833dd7389c0091657fb99a4","name":"Aura","image":{"@type":"ImageObject","inLanguage":"es","@id":"https:\/\/secure.gravatar.com\/avatar\/a31b9f930053975ebec0d93ae33a7d853ea633f5ef8bbb59be1d1f0e1306a29a?s=96&d=mm&r=g","url":"https:\/\/secure.gravatar.com\/avatar\/a31b9f930053975ebec0d93ae33a7d853ea633f5ef8bbb59be1d1f0e1306a29a?s=96&d=mm&r=g","contentUrl":"https:\/\/secure.gravatar.com\/avatar\/a31b9f930053975ebec0d93ae33a7d853ea633f5ef8bbb59be1d1f0e1306a29a?s=96&d=mm&r=g","caption":"Aura"},"url":"https:\/\/concejopitalito.gov.co\/contenido\/author\/concejopitalito\/"}]}},"_links":{"self":[{"href":"https:\/\/concejopitalito.gov.co\/contenido\/wp-json\/wp\/v2\/posts\/2582","targetHints":{"allow":["GET"]}}],"collection":[{"href":"https:\/\/concejopitalito.gov.co\/contenido\/wp-json\/wp\/v2\/posts"}],"about":[{"href":"https:\/\/concejopitalito.gov.co\/contenido\/wp-json\/wp\/v2\/types\/post"}],"author":[{"embeddable":true,"href":"https:\/\/concejopitalito.gov.co\/contenido\/wp-json\/wp\/v2\/users\/3"}],"replies":[{"embeddable":true,"href":"https:\/\/concejopitalito.gov.co\/contenido\/wp-json\/wp\/v2\/comments?post=2582"}],"version-history":[{"count":2,"href":"https:\/\/concejopitalito.gov.co\/contenido\/wp-json\/wp\/v2\/posts\/2582\/revisions"}],"predecessor-version":[{"id":2590,"href":"https:\/\/concejopitalito.gov.co\/contenido\/wp-json\/wp\/v2\/posts\/2582\/revisions\/2590"}],"wp:featuredmedia":[{"embeddable":true,"href":"https:\/\/concejopitalito.gov.co\/contenido\/wp-json\/wp\/v2\/media\/2598"}],"wp:attachment":[{"href":"https:\/\/concejopitalito.gov.co\/contenido\/wp-json\/wp\/v2\/media?parent=2582"}],"wp:term":[{"taxonomy":"category","embeddable":true,"href":"https:\/\/concejopitalito.gov.co\/contenido\/wp-json\/wp\/v2\/categories?post=2582"},{"taxonomy":"post_tag","embeddable":true,"href":"https:\/\/concejopitalito.gov.co\/contenido\/wp-json\/wp\/v2\/tags?post=2582"}],"curies":[{"name":"wp","href":"https:\/\/api.w.org\/{rel}","templated":true}]}}