{"id":2572,"date":"2025-06-03T13:13:06","date_gmt":"2025-06-03T18:13:06","guid":{"rendered":"https:\/\/concejopitalito.gov.co\/contenido\/?p=2572"},"modified":"2025-06-03T13:13:07","modified_gmt":"2025-06-03T18:13:07","slug":"clausurado-segundo-periodo-de-sesiones-ordinarias-del-honorable-concejo-municipal-de-pitalito","status":"publish","type":"post","link":"https:\/\/concejopitalito.gov.co\/contenido\/2025\/06\/03\/clausurado-segundo-periodo-de-sesiones-ordinarias-del-honorable-concejo-municipal-de-pitalito\/","title":{"rendered":"Clausurado segundo periodo de sesiones ordinarias del Honorable Concejo Municipal de Pitalito."},"content":{"rendered":"\n<p><\/p>\n\n\n\n<p>Con la aprobaci\u00f3n de nueve proyectos de acuerdo radicados por parte de la administraci\u00f3n municipal y el control pol\u00edtico a ocho dependencias municipales se llev\u00f3 a cabo durante el mes de mayo el segundo periodo ordinario de la corporaci\u00f3n durante la vigencia 2025.<\/p>\n\n\n\n<p>Los proyectos aprobados fueron:<\/p>\n\n\n\n<ol class=\"wp-block-list\"><li>Por medio del cual se hace una adici\u00f3n en el presupuesto de rentas, ingresos, recursos de capital y de gastos o apropiaciones del municipio de Pitalito vigencia 2025, por la suma de 5601.940.359.00.<\/li><li>Por medio del cual se realiza una modificaci\u00f3n presupuestal en el presupuesto de rentas, ingresos, recursos de capital y gastos o apropiaciones del municipio de Pitalito para la vigencia fiscal 2025, por la suma de 5439.800.515.92.<\/li><li>Por medio del cual se hace un traslado presupuestal mediante contra cr\u00e9dito en el presupuesto de gastos o apropiaciones del municipio de Pitalito para la vigencia fiscal 2025 por valor de $957.332.752,68.<\/li><li>Por medio del cual se autoriza al alcalde municipal para comprometer vigencias futuras ordinarias con el fin de dar cumplimiento al plan de desarrollo el gobierno de la gente sector territorial, por la suma de $ 230.000.000.<\/li><li>Por medio del cual se crea un rubro en el presupuesto de rentas, ingresos, recursos de capital y se hace una adici\u00f3n en el presupuesto de rentas, ingresos, recursos de capital gastos o apropiaciones del municipio de Pitalito vigencia 2025 correspondientes a la distribuci\u00f3n parcial de las doce doceavas partes de la participaci\u00f3n para educaci\u00f3n, componentes de calidad-gratuidad educativa y calidad matricula oficial, en condiciones de equidad y eficiencia, vigencia 2025 y autorizaci\u00f3n del desahorro de recursos excedentes del fondo nacional de pensiones de las entidades territoriales FONPET durante la vigencia 2024.<\/li><li>Por medio del cual se autoriza al alcalde municipal para comprometer vigencias futuras ordinarias con el fin de dar cumplimiento al plan de desarrollo \u00abel gobierno de la gente sector educaci\u00f3n.<\/li><li>Por medio del cual se otorga un alivio temporal para el pago de los intereses moratorios de las obligaciones con origen en infracciones de tr\u00e1nsito que cursan con acciones de cobro coactivo por el instituto de tr\u00e1nsito y transportes de Pitalito Huila INTRA Pitalito.<\/li><li>Por medio del cual se reconoce, valora y se institucionaliza el foro anual de liderazgo comunal en el municipio de Pitalito Huila y se deroga el acuerdo 033 de 2005.<\/li><li>Por medio del cual se declara el d\u00eda 04 de julio como d\u00eda municipal de la libertad religiosa, de cultos y de conciencia en el municipio de Pitalito, y se dictan otras disposiciones.<\/li><\/ol>\n\n\n\n<p>Las dependencias a las que se les realiz\u00f3 control pol\u00edtico fueron:<\/p>\n\n\n\n<ol class=\"wp-block-list\"><li>Secretar\u00eda de salud \u2013 Discolmets<\/li><li>Secretar\u00eda de Gobierno<\/li><li>Oficina de ambiente y gesti\u00f3n del Riesgo<\/li><li>E.S.E. Manuel Castro Tovar<\/li><li>Secretar\u00eda de Planeaci\u00f3n<\/li><li>Secretar\u00eda de Hacienda<\/li><li>Instituto de Cultura Deporte y Recreaci\u00f3n I.C.D.R.<\/li><li>Instituto de Tr\u00e1nsito y Transporte INTRA.<\/li><\/ol>\n","protected":false},"excerpt":{"rendered":"<p>Con la aprobaci\u00f3n de nueve proyectos de acuerdo radicados por parte de la administraci\u00f3n municipal y el control pol\u00edtico a ocho dependencias municipales se llev\u00f3 a cabo durante el mes [&hellip;]<\/p>\n","protected":false},"author":3,"featured_media":2573,"comment_status":"closed","ping_status":"closed","sticky":false,"template":"","format":"standard","meta":{"footnotes":""},"categories":[9],"tags":[],"class_list":["post-2572","post","type-post","status-publish","format-standard","has-post-thumbnail","hentry","category-noticias"],"yoast_head":"<!-- This site is optimized with the Yoast SEO plugin v27.5 - https:\/\/yoast.com\/product\/yoast-seo-wordpress\/ -->\n<title>Clausurado segundo periodo de sesiones ordinarias del Honorable Concejo Municipal de Pitalito. - Concejo Municipal de Pitalito<\/title>\n<meta name=\"robots\" content=\"index, follow, max-snippet:-1, max-image-preview:large, max-video-preview:-1\" \/>\n<link rel=\"canonical\" href=\"https:\/\/concejopitalito.gov.co\/contenido\/2025\/06\/03\/clausurado-segundo-periodo-de-sesiones-ordinarias-del-honorable-concejo-municipal-de-pitalito\/\" \/>\n<meta property=\"og:locale\" content=\"es_ES\" \/>\n<meta property=\"og:type\" content=\"article\" \/>\n<meta property=\"og:title\" content=\"Clausurado segundo periodo de sesiones ordinarias del Honorable Concejo Municipal de Pitalito. - Concejo Municipal de Pitalito\" \/>\n<meta property=\"og:description\" content=\"Con la aprobaci\u00f3n de nueve proyectos de acuerdo radicados por parte de la administraci\u00f3n municipal y el control pol\u00edtico a ocho dependencias municipales se llev\u00f3 a cabo durante el mes [&hellip;]\" \/>\n<meta property=\"og:url\" content=\"https:\/\/concejopitalito.gov.co\/contenido\/2025\/06\/03\/clausurado-segundo-periodo-de-sesiones-ordinarias-del-honorable-concejo-municipal-de-pitalito\/\" \/>\n<meta property=\"og:site_name\" content=\"Concejo Municipal de Pitalito\" \/>\n<meta property=\"article:published_time\" content=\"2025-06-03T18:13:06+00:00\" \/>\n<meta property=\"article:modified_time\" content=\"2025-06-03T18:13:07+00:00\" \/>\n<meta property=\"og:image\" content=\"https:\/\/concejopitalito.gov.co\/contenido\/wp-content\/uploads\/2025\/06\/WhatsApp-Image-2025-06-03-at-13.09.39.jpeg\" \/>\n\t<meta property=\"og:image:width\" content=\"1600\" \/>\n\t<meta property=\"og:image:height\" content=\"1200\" \/>\n\t<meta property=\"og:image:type\" content=\"image\/jpeg\" \/>\n<meta name=\"author\" content=\"Aura\" \/>\n<meta name=\"twitter:card\" content=\"summary_large_image\" \/>\n<meta name=\"twitter:label1\" content=\"Escrito por\" \/>\n\t<meta name=\"twitter:data1\" content=\"Aura\" \/>\n\t<meta name=\"twitter:label2\" content=\"Tiempo de lectura\" \/>\n\t<meta name=\"twitter:data2\" content=\"3 minutos\" \/>\n<script type=\"application\/ld+json\" class=\"yoast-schema-graph\">{\"@context\":\"https:\\\/\\\/schema.org\",\"@graph\":[{\"@type\":\"Article\",\"@id\":\"https:\\\/\\\/concejopitalito.gov.co\\\/contenido\\\/2025\\\/06\\\/03\\\/clausurado-segundo-periodo-de-sesiones-ordinarias-del-honorable-concejo-municipal-de-pitalito\\\/#article\",\"isPartOf\":{\"@id\":\"https:\\\/\\\/concejopitalito.gov.co\\\/contenido\\\/2025\\\/06\\\/03\\\/clausurado-segundo-periodo-de-sesiones-ordinarias-del-honorable-concejo-municipal-de-pitalito\\\/\"},\"author\":{\"name\":\"Aura\",\"@id\":\"https:\\\/\\\/concejopitalito.gov.co\\\/contenido\\\/#\\\/schema\\\/person\\\/e097e52cc833dd7389c0091657fb99a4\"},\"headline\":\"Clausurado segundo periodo de sesiones ordinarias del Honorable Concejo Municipal de Pitalito.\",\"datePublished\":\"2025-06-03T18:13:06+00:00\",\"dateModified\":\"2025-06-03T18:13:07+00:00\",\"mainEntityOfPage\":{\"@id\":\"https:\\\/\\\/concejopitalito.gov.co\\\/contenido\\\/2025\\\/06\\\/03\\\/clausurado-segundo-periodo-de-sesiones-ordinarias-del-honorable-concejo-municipal-de-pitalito\\\/\"},\"wordCount\":491,\"publisher\":{\"@id\":\"https:\\\/\\\/concejopitalito.gov.co\\\/contenido\\\/#organization\"},\"image\":{\"@id\":\"https:\\\/\\\/concejopitalito.gov.co\\\/contenido\\\/2025\\\/06\\\/03\\\/clausurado-segundo-periodo-de-sesiones-ordinarias-del-honorable-concejo-municipal-de-pitalito\\\/#primaryimage\"},\"thumbnailUrl\":\"https:\\\/\\\/concejopitalito.gov.co\\\/contenido\\\/wp-content\\\/uploads\\\/2025\\\/06\\\/WhatsApp-Image-2025-06-03-at-13.09.39.jpeg\",\"articleSection\":[\"Noticias\"],\"inLanguage\":\"es\"},{\"@type\":\"WebPage\",\"@id\":\"https:\\\/\\\/concejopitalito.gov.co\\\/contenido\\\/2025\\\/06\\\/03\\\/clausurado-segundo-periodo-de-sesiones-ordinarias-del-honorable-concejo-municipal-de-pitalito\\\/\",\"url\":\"https:\\\/\\\/concejopitalito.gov.co\\\/contenido\\\/2025\\\/06\\\/03\\\/clausurado-segundo-periodo-de-sesiones-ordinarias-del-honorable-concejo-municipal-de-pitalito\\\/\",\"name\":\"Clausurado segundo periodo de sesiones ordinarias del Honorable Concejo Municipal de Pitalito. - Concejo Municipal de Pitalito\",\"isPartOf\":{\"@id\":\"https:\\\/\\\/concejopitalito.gov.co\\\/contenido\\\/#website\"},\"primaryImageOfPage\":{\"@id\":\"https:\\\/\\\/concejopitalito.gov.co\\\/contenido\\\/2025\\\/06\\\/03\\\/clausurado-segundo-periodo-de-sesiones-ordinarias-del-honorable-concejo-municipal-de-pitalito\\\/#primaryimage\"},\"image\":{\"@id\":\"https:\\\/\\\/concejopitalito.gov.co\\\/contenido\\\/2025\\\/06\\\/03\\\/clausurado-segundo-periodo-de-sesiones-ordinarias-del-honorable-concejo-municipal-de-pitalito\\\/#primaryimage\"},\"thumbnailUrl\":\"https:\\\/\\\/concejopitalito.gov.co\\\/contenido\\\/wp-content\\\/uploads\\\/2025\\\/06\\\/WhatsApp-Image-2025-06-03-at-13.09.39.jpeg\",\"datePublished\":\"2025-06-03T18:13:06+00:00\",\"dateModified\":\"2025-06-03T18:13:07+00:00\",\"breadcrumb\":{\"@id\":\"https:\\\/\\\/concejopitalito.gov.co\\\/contenido\\\/2025\\\/06\\\/03\\\/clausurado-segundo-periodo-de-sesiones-ordinarias-del-honorable-concejo-municipal-de-pitalito\\\/#breadcrumb\"},\"inLanguage\":\"es\",\"potentialAction\":[{\"@type\":\"ReadAction\",\"target\":[\"https:\\\/\\\/concejopitalito.gov.co\\\/contenido\\\/2025\\\/06\\\/03\\\/clausurado-segundo-periodo-de-sesiones-ordinarias-del-honorable-concejo-municipal-de-pitalito\\\/\"]}]},{\"@type\":\"ImageObject\",\"inLanguage\":\"es\",\"@id\":\"https:\\\/\\\/concejopitalito.gov.co\\\/contenido\\\/2025\\\/06\\\/03\\\/clausurado-segundo-periodo-de-sesiones-ordinarias-del-honorable-concejo-municipal-de-pitalito\\\/#primaryimage\",\"url\":\"https:\\\/\\\/concejopitalito.gov.co\\\/contenido\\\/wp-content\\\/uploads\\\/2025\\\/06\\\/WhatsApp-Image-2025-06-03-at-13.09.39.jpeg\",\"contentUrl\":\"https:\\\/\\\/concejopitalito.gov.co\\\/contenido\\\/wp-content\\\/uploads\\\/2025\\\/06\\\/WhatsApp-Image-2025-06-03-at-13.09.39.jpeg\",\"width\":1600,\"height\":1200},{\"@type\":\"BreadcrumbList\",\"@id\":\"https:\\\/\\\/concejopitalito.gov.co\\\/contenido\\\/2025\\\/06\\\/03\\\/clausurado-segundo-periodo-de-sesiones-ordinarias-del-honorable-concejo-municipal-de-pitalito\\\/#breadcrumb\",\"itemListElement\":[{\"@type\":\"ListItem\",\"position\":1,\"name\":\"Portada\",\"item\":\"https:\\\/\\\/concejopitalito.gov.co\\\/contenido\\\/\"},{\"@type\":\"ListItem\",\"position\":2,\"name\":\"Clausurado segundo periodo de sesiones ordinarias del Honorable Concejo Municipal de Pitalito.\"}]},{\"@type\":\"WebSite\",\"@id\":\"https:\\\/\\\/concejopitalito.gov.co\\\/contenido\\\/#website\",\"url\":\"https:\\\/\\\/concejopitalito.gov.co\\\/contenido\\\/\",\"name\":\"Concejo Municipal de Pitalito\",\"description\":\"Nuestro compromiso con Pitalito y los laboyanos es dar al cumplimiento de su misi\u00f3n institucional y legal, tendiente a permitir una \u00f3ptima gesti\u00f3n p\u00fablica que satisfaga las necesidades y expectativas de la comunidad, con base a los requisitos de eficiencia y eficacia y fundamentada en el principio de transparencia\",\"publisher\":{\"@id\":\"https:\\\/\\\/concejopitalito.gov.co\\\/contenido\\\/#organization\"},\"potentialAction\":[{\"@type\":\"SearchAction\",\"target\":{\"@type\":\"EntryPoint\",\"urlTemplate\":\"https:\\\/\\\/concejopitalito.gov.co\\\/contenido\\\/?s={search_term_string}\"},\"query-input\":{\"@type\":\"PropertyValueSpecification\",\"valueRequired\":true,\"valueName\":\"search_term_string\"}}],\"inLanguage\":\"es\"},{\"@type\":\"Organization\",\"@id\":\"https:\\\/\\\/concejopitalito.gov.co\\\/contenido\\\/#organization\",\"name\":\"Concejo Municipal Pitalito\",\"url\":\"https:\\\/\\\/concejopitalito.gov.co\\\/contenido\\\/\",\"logo\":{\"@type\":\"ImageObject\",\"inLanguage\":\"es\",\"@id\":\"https:\\\/\\\/concejopitalito.gov.co\\\/contenido\\\/#\\\/schema\\\/logo\\\/image\\\/\",\"url\":\"https:\\\/\\\/concejopitalito.gov.co\\\/contenido\\\/wp-content\\\/uploads\\\/2021\\\/06\\\/Logo-Concejo.png\",\"contentUrl\":\"https:\\\/\\\/concejopitalito.gov.co\\\/contenido\\\/wp-content\\\/uploads\\\/2021\\\/06\\\/Logo-Concejo.png\",\"width\":1594,\"height\":200,\"caption\":\"Concejo Municipal Pitalito\"},\"image\":{\"@id\":\"https:\\\/\\\/concejopitalito.gov.co\\\/contenido\\\/#\\\/schema\\\/logo\\\/image\\\/\"}},{\"@type\":\"Person\",\"@id\":\"https:\\\/\\\/concejopitalito.gov.co\\\/contenido\\\/#\\\/schema\\\/person\\\/e097e52cc833dd7389c0091657fb99a4\",\"name\":\"Aura\",\"image\":{\"@type\":\"ImageObject\",\"inLanguage\":\"es\",\"@id\":\"https:\\\/\\\/secure.gravatar.com\\\/avatar\\\/a31b9f930053975ebec0d93ae33a7d853ea633f5ef8bbb59be1d1f0e1306a29a?s=96&d=mm&r=g\",\"url\":\"https:\\\/\\\/secure.gravatar.com\\\/avatar\\\/a31b9f930053975ebec0d93ae33a7d853ea633f5ef8bbb59be1d1f0e1306a29a?s=96&d=mm&r=g\",\"contentUrl\":\"https:\\\/\\\/secure.gravatar.com\\\/avatar\\\/a31b9f930053975ebec0d93ae33a7d853ea633f5ef8bbb59be1d1f0e1306a29a?s=96&d=mm&r=g\",\"caption\":\"Aura\"},\"url\":\"https:\\\/\\\/concejopitalito.gov.co\\\/contenido\\\/author\\\/concejopitalito\\\/\"}]}<\/script>\n<!-- \/ Yoast SEO plugin. -->","yoast_head_json":{"title":"Clausurado segundo periodo de sesiones ordinarias del Honorable Concejo Municipal de Pitalito. - Concejo Municipal de Pitalito","robots":{"index":"index","follow":"follow","max-snippet":"max-snippet:-1","max-image-preview":"max-image-preview:large","max-video-preview":"max-video-preview:-1"},"canonical":"https:\/\/concejopitalito.gov.co\/contenido\/2025\/06\/03\/clausurado-segundo-periodo-de-sesiones-ordinarias-del-honorable-concejo-municipal-de-pitalito\/","og_locale":"es_ES","og_type":"article","og_title":"Clausurado segundo periodo de sesiones ordinarias del Honorable Concejo Municipal de Pitalito. - Concejo Municipal de Pitalito","og_description":"Con la aprobaci\u00f3n de nueve proyectos de acuerdo radicados por parte de la administraci\u00f3n municipal y el control pol\u00edtico a ocho dependencias municipales se llev\u00f3 a cabo durante el mes [&hellip;]","og_url":"https:\/\/concejopitalito.gov.co\/contenido\/2025\/06\/03\/clausurado-segundo-periodo-de-sesiones-ordinarias-del-honorable-concejo-municipal-de-pitalito\/","og_site_name":"Concejo Municipal de Pitalito","article_published_time":"2025-06-03T18:13:06+00:00","article_modified_time":"2025-06-03T18:13:07+00:00","og_image":[{"width":1600,"height":1200,"url":"https:\/\/concejopitalito.gov.co\/contenido\/wp-content\/uploads\/2025\/06\/WhatsApp-Image-2025-06-03-at-13.09.39.jpeg","type":"image\/jpeg"}],"author":"Aura","twitter_card":"summary_large_image","twitter_misc":{"Escrito por":"Aura","Tiempo de lectura":"3 minutos"},"schema":{"@context":"https:\/\/schema.org","@graph":[{"@type":"Article","@id":"https:\/\/concejopitalito.gov.co\/contenido\/2025\/06\/03\/clausurado-segundo-periodo-de-sesiones-ordinarias-del-honorable-concejo-municipal-de-pitalito\/#article","isPartOf":{"@id":"https:\/\/concejopitalito.gov.co\/contenido\/2025\/06\/03\/clausurado-segundo-periodo-de-sesiones-ordinarias-del-honorable-concejo-municipal-de-pitalito\/"},"author":{"name":"Aura","@id":"https:\/\/concejopitalito.gov.co\/contenido\/#\/schema\/person\/e097e52cc833dd7389c0091657fb99a4"},"headline":"Clausurado segundo periodo de sesiones ordinarias del Honorable Concejo Municipal de Pitalito.","datePublished":"2025-06-03T18:13:06+00:00","dateModified":"2025-06-03T18:13:07+00:00","mainEntityOfPage":{"@id":"https:\/\/concejopitalito.gov.co\/contenido\/2025\/06\/03\/clausurado-segundo-periodo-de-sesiones-ordinarias-del-honorable-concejo-municipal-de-pitalito\/"},"wordCount":491,"publisher":{"@id":"https:\/\/concejopitalito.gov.co\/contenido\/#organization"},"image":{"@id":"https:\/\/concejopitalito.gov.co\/contenido\/2025\/06\/03\/clausurado-segundo-periodo-de-sesiones-ordinarias-del-honorable-concejo-municipal-de-pitalito\/#primaryimage"},"thumbnailUrl":"https:\/\/concejopitalito.gov.co\/contenido\/wp-content\/uploads\/2025\/06\/WhatsApp-Image-2025-06-03-at-13.09.39.jpeg","articleSection":["Noticias"],"inLanguage":"es"},{"@type":"WebPage","@id":"https:\/\/concejopitalito.gov.co\/contenido\/2025\/06\/03\/clausurado-segundo-periodo-de-sesiones-ordinarias-del-honorable-concejo-municipal-de-pitalito\/","url":"https:\/\/concejopitalito.gov.co\/contenido\/2025\/06\/03\/clausurado-segundo-periodo-de-sesiones-ordinarias-del-honorable-concejo-municipal-de-pitalito\/","name":"Clausurado segundo periodo de sesiones ordinarias del Honorable Concejo Municipal de Pitalito. - Concejo Municipal de Pitalito","isPartOf":{"@id":"https:\/\/concejopitalito.gov.co\/contenido\/#website"},"primaryImageOfPage":{"@id":"https:\/\/concejopitalito.gov.co\/contenido\/2025\/06\/03\/clausurado-segundo-periodo-de-sesiones-ordinarias-del-honorable-concejo-municipal-de-pitalito\/#primaryimage"},"image":{"@id":"https:\/\/concejopitalito.gov.co\/contenido\/2025\/06\/03\/clausurado-segundo-periodo-de-sesiones-ordinarias-del-honorable-concejo-municipal-de-pitalito\/#primaryimage"},"thumbnailUrl":"https:\/\/concejopitalito.gov.co\/contenido\/wp-content\/uploads\/2025\/06\/WhatsApp-Image-2025-06-03-at-13.09.39.jpeg","datePublished":"2025-06-03T18:13:06+00:00","dateModified":"2025-06-03T18:13:07+00:00","breadcrumb":{"@id":"https:\/\/concejopitalito.gov.co\/contenido\/2025\/06\/03\/clausurado-segundo-periodo-de-sesiones-ordinarias-del-honorable-concejo-municipal-de-pitalito\/#breadcrumb"},"inLanguage":"es","potentialAction":[{"@type":"ReadAction","target":["https:\/\/concejopitalito.gov.co\/contenido\/2025\/06\/03\/clausurado-segundo-periodo-de-sesiones-ordinarias-del-honorable-concejo-municipal-de-pitalito\/"]}]},{"@type":"ImageObject","inLanguage":"es","@id":"https:\/\/concejopitalito.gov.co\/contenido\/2025\/06\/03\/clausurado-segundo-periodo-de-sesiones-ordinarias-del-honorable-concejo-municipal-de-pitalito\/#primaryimage","url":"https:\/\/concejopitalito.gov.co\/contenido\/wp-content\/uploads\/2025\/06\/WhatsApp-Image-2025-06-03-at-13.09.39.jpeg","contentUrl":"https:\/\/concejopitalito.gov.co\/contenido\/wp-content\/uploads\/2025\/06\/WhatsApp-Image-2025-06-03-at-13.09.39.jpeg","width":1600,"height":1200},{"@type":"BreadcrumbList","@id":"https:\/\/concejopitalito.gov.co\/contenido\/2025\/06\/03\/clausurado-segundo-periodo-de-sesiones-ordinarias-del-honorable-concejo-municipal-de-pitalito\/#breadcrumb","itemListElement":[{"@type":"ListItem","position":1,"name":"Portada","item":"https:\/\/concejopitalito.gov.co\/contenido\/"},{"@type":"ListItem","position":2,"name":"Clausurado segundo periodo de sesiones ordinarias del Honorable Concejo Municipal de Pitalito."}]},{"@type":"WebSite","@id":"https:\/\/concejopitalito.gov.co\/contenido\/#website","url":"https:\/\/concejopitalito.gov.co\/contenido\/","name":"Concejo Municipal de Pitalito","description":"Nuestro compromiso con Pitalito y los laboyanos es dar al cumplimiento de su misi\u00f3n institucional y legal, tendiente a permitir una \u00f3ptima gesti\u00f3n p\u00fablica que satisfaga las necesidades y expectativas de la comunidad, con base a los requisitos de eficiencia y eficacia y fundamentada en el principio de transparencia","publisher":{"@id":"https:\/\/concejopitalito.gov.co\/contenido\/#organization"},"potentialAction":[{"@type":"SearchAction","target":{"@type":"EntryPoint","urlTemplate":"https:\/\/concejopitalito.gov.co\/contenido\/?s={search_term_string}"},"query-input":{"@type":"PropertyValueSpecification","valueRequired":true,"valueName":"search_term_string"}}],"inLanguage":"es"},{"@type":"Organization","@id":"https:\/\/concejopitalito.gov.co\/contenido\/#organization","name":"Concejo Municipal Pitalito","url":"https:\/\/concejopitalito.gov.co\/contenido\/","logo":{"@type":"ImageObject","inLanguage":"es","@id":"https:\/\/concejopitalito.gov.co\/contenido\/#\/schema\/logo\/image\/","url":"https:\/\/concejopitalito.gov.co\/contenido\/wp-content\/uploads\/2021\/06\/Logo-Concejo.png","contentUrl":"https:\/\/concejopitalito.gov.co\/contenido\/wp-content\/uploads\/2021\/06\/Logo-Concejo.png","width":1594,"height":200,"caption":"Concejo Municipal Pitalito"},"image":{"@id":"https:\/\/concejopitalito.gov.co\/contenido\/#\/schema\/logo\/image\/"}},{"@type":"Person","@id":"https:\/\/concejopitalito.gov.co\/contenido\/#\/schema\/person\/e097e52cc833dd7389c0091657fb99a4","name":"Aura","image":{"@type":"ImageObject","inLanguage":"es","@id":"https:\/\/secure.gravatar.com\/avatar\/a31b9f930053975ebec0d93ae33a7d853ea633f5ef8bbb59be1d1f0e1306a29a?s=96&d=mm&r=g","url":"https:\/\/secure.gravatar.com\/avatar\/a31b9f930053975ebec0d93ae33a7d853ea633f5ef8bbb59be1d1f0e1306a29a?s=96&d=mm&r=g","contentUrl":"https:\/\/secure.gravatar.com\/avatar\/a31b9f930053975ebec0d93ae33a7d853ea633f5ef8bbb59be1d1f0e1306a29a?s=96&d=mm&r=g","caption":"Aura"},"url":"https:\/\/concejopitalito.gov.co\/contenido\/author\/concejopitalito\/"}]}},"_links":{"self":[{"href":"https:\/\/concejopitalito.gov.co\/contenido\/wp-json\/wp\/v2\/posts\/2572","targetHints":{"allow":["GET"]}}],"collection":[{"href":"https:\/\/concejopitalito.gov.co\/contenido\/wp-json\/wp\/v2\/posts"}],"about":[{"href":"https:\/\/concejopitalito.gov.co\/contenido\/wp-json\/wp\/v2\/types\/post"}],"author":[{"embeddable":true,"href":"https:\/\/concejopitalito.gov.co\/contenido\/wp-json\/wp\/v2\/users\/3"}],"replies":[{"embeddable":true,"href":"https:\/\/concejopitalito.gov.co\/contenido\/wp-json\/wp\/v2\/comments?post=2572"}],"version-history":[{"count":1,"href":"https:\/\/concejopitalito.gov.co\/contenido\/wp-json\/wp\/v2\/posts\/2572\/revisions"}],"predecessor-version":[{"id":2574,"href":"https:\/\/concejopitalito.gov.co\/contenido\/wp-json\/wp\/v2\/posts\/2572\/revisions\/2574"}],"wp:featuredmedia":[{"embeddable":true,"href":"https:\/\/concejopitalito.gov.co\/contenido\/wp-json\/wp\/v2\/media\/2573"}],"wp:attachment":[{"href":"https:\/\/concejopitalito.gov.co\/contenido\/wp-json\/wp\/v2\/media?parent=2572"}],"wp:term":[{"taxonomy":"category","embeddable":true,"href":"https:\/\/concejopitalito.gov.co\/contenido\/wp-json\/wp\/v2\/categories?post=2572"},{"taxonomy":"post_tag","embeddable":true,"href":"https:\/\/concejopitalito.gov.co\/contenido\/wp-json\/wp\/v2\/tags?post=2572"}],"curies":[{"name":"wp","href":"https:\/\/api.w.org\/{rel}","templated":true}]}}