{"id":2411,"date":"2025-03-14T15:18:44","date_gmt":"2025-03-14T20:18:44","guid":{"rendered":"https:\/\/concejopitalito.gov.co\/contenido\/?p=2411"},"modified":"2025-03-14T15:20:21","modified_gmt":"2025-03-14T20:20:21","slug":"instalado-periodo-extraordinario-de-sesiones-del-mes-de-marzo-2","status":"publish","type":"post","link":"https:\/\/concejopitalito.gov.co\/contenido\/2025\/03\/14\/instalado-periodo-extraordinario-de-sesiones-del-mes-de-marzo-2\/","title":{"rendered":"Instalado periodo extraordinario de sesiones del mes de marzo"},"content":{"rendered":"\t\t<div data-elementor-type=\"wp-post\" data-elementor-id=\"2411\" class=\"elementor elementor-2411\">\n\t\t\t\t\t\t<section class=\"elementor-section elementor-top-section elementor-element elementor-element-62d32c51 elementor-section-boxed elementor-section-height-default elementor-section-height-default\" data-id=\"62d32c51\" data-element_type=\"section\">\n\t\t\t\t\t\t<div class=\"elementor-container elementor-column-gap-default\">\n\t\t\t\t\t<div class=\"elementor-column elementor-col-100 elementor-top-column elementor-element elementor-element-6c513692\" data-id=\"6c513692\" data-element_type=\"column\">\n\t\t\t<div class=\"elementor-widget-wrap elementor-element-populated\">\n\t\t\t\t\t\t<div class=\"elementor-element elementor-element-4dbe15a1 elementor-widget elementor-widget-text-editor\" data-id=\"4dbe15a1\" data-element_type=\"widget\" data-widget_type=\"text-editor.default\">\n\t\t\t\t<div class=\"elementor-widget-container\">\n\t\t\t\t\t\t\t\t\t\n<p>Con la presencia del alcalde municipal Yider Luna Joven, fue instalado el periodo de sesiones extraordinarias para el mes de marzo, en el que ser\u00e1n debatidos 6 proyectos de acuerdo, radicados por la administraci\u00f3n local.<\/p>\n\n\n\n<p>Los proyectos radicados son:<\/p>\n\n\n\n<ol class=\"wp-block-list\"><li>\u00abPor medio del cual se crean unos rubros, unas fuentes de financiaci\u00f3n y se hace una adici\u00f3n en el presupuesto de ingresos, recursos de capital y de gastos o apropiaciones del municipio de Pitalito vigencia 2025 &#8211; correspondiente al super\u00e1vit fiscal vigencia 2024-administraci\u00f3n central\u00bb. Adjudicado al honorable concejal Germ\u00e1n Gonzalo D\u00edaz<\/li><li>\u00abPor medio del cual se crean unos rubros con su respectiva fuente en el presupuesto de rentas, ingresos y recursos de capital, se crea una fuente en el presupuesto de gastos y se hace una adici\u00f3n en el presupuesto de rentas, ingresos, recursos de capital y gastos o apropiaciones del municipio de Pitalito para la vigencia fiscal 2025\u00bb. Adjudicado al honorable concejal Fabi\u00e1n Andr\u00e9s Bola\u00f1os Ord\u00f3\u00f1ez<\/li><li>\u00abPor medio del cual se crea un rubro en el presupuesto de rentas, ingresos, recursos de capital, y se hace una. adici\u00f3n en el presupuesto de rentas, ingresos, recursos de capital, gastos o apropiaciones del municipio de Pitalito vigencia 2025, correspondiente al superavit fiscal vigencia 2024 del fondo educativo municipal\u00bb. Adjudicado al honorable concejal Guillermo Rodrigo Rojas<\/li><li>\u00abPor medio del cual se hace una adici\u00f3n en el presupuesto de rentas, ingresos, recursos de capital, gastos o apropiaciones del municipio de Pitalito vigencia 2025, correspondiente a recursos de las asignaciones especiales de SGP y transferencia nacional para la cofinanciaci\u00f3n del programa alimentaci\u00f3n escolar-PAE, Adjudicado al honorable concejal Octavio Ord\u00f3\u00f1ez Perdomo<\/li><li>\u00abPor medio del cual se hace una adici\u00f3n en el presupuesto de rentas, ingresos, recursos de capital, gastos o apropiaciones del municipio de Pitalito para la vigencia fiscal 2025\u00bb Adjudicado al honorable Concejal Jairo Enciso Mu\u00f1oz Bahos<\/li><li>Continuaci\u00f3n del tr\u00e1mite de la iniciativa: \u00abPor medio del cual se adopta la modificaci\u00f3n excepcional del anexo 5 (ficha normativa de Bruselas) del plan de ordenamiento territorial contenido en el acuerdo municipal no. 023 de2021 en relaci\u00f3n cola incorporaci\u00f3n de un predio identificado con folio de matr\u00edcula inmobiliaria no. 206-39084 a la zona tipo ii del centro poblado de Bruselas del municipio de Pitalito &#8211; Huila\u00bb. Adjudicado al honorable concejal Harold Calder\u00f3n Trujillo.<\/li><\/ol>\n\n\n\n<p>Para el s\u00e1bado 15 de marzo, se realizar\u00e1 el primer cabildo abierto en el corregimiento de Bruselas, proyectado desde las 8:00 a.m. previo al estudio del Proyecto de Acuerdo No. 004 de 2025 \u00abPor el cual se adopta la modificaci\u00f3n excepcional del anexo 5 (ficha normativa de Bruselas) del plan de ordenamiento territorial, contenido en el acuerdo municipal no. 023 de 2021, en relaci\u00f3n con la incorporaci\u00f3n de un predio identificado con folio de matr\u00edcula inmobiliaria no. 206-39084 a la zona tipo ii del centro poblado de Bruselas del municipio de Pitalito Huila\u00bb.<\/p>\n\t\t\t\t\t\t\t\t<\/div>\n\t\t\t\t<\/div>\n\t\t\t\t\t<\/div>\n\t\t<\/div>\n\t\t\t\t\t<\/div>\n\t\t<\/section>\n\t\t\t\t<\/div>\n\t\t","protected":false},"excerpt":{"rendered":"<p>Con la presencia del alcalde municipal Yider Luna Joven, fue instalado el periodo de sesiones extraordinarias para el mes de marzo, en el que ser\u00e1n debatidos 6 proyectos de acuerdo, [&hellip;]<\/p>\n","protected":false},"author":3,"featured_media":2409,"comment_status":"closed","ping_status":"closed","sticky":false,"template":"","format":"standard","meta":{"footnotes":""},"categories":[9],"tags":[],"class_list":["post-2411","post","type-post","status-publish","format-standard","has-post-thumbnail","hentry","category-noticias"],"yoast_head":"<!-- This site is optimized with the Yoast SEO plugin v27.5 - https:\/\/yoast.com\/product\/yoast-seo-wordpress\/ -->\n<title>Instalado periodo extraordinario de sesiones del mes de marzo - Concejo Municipal de Pitalito<\/title>\n<meta name=\"robots\" content=\"index, follow, max-snippet:-1, max-image-preview:large, max-video-preview:-1\" \/>\n<link rel=\"canonical\" href=\"https:\/\/concejopitalito.gov.co\/contenido\/2025\/03\/14\/instalado-periodo-extraordinario-de-sesiones-del-mes-de-marzo-2\/\" \/>\n<meta property=\"og:locale\" content=\"es_ES\" \/>\n<meta property=\"og:type\" content=\"article\" \/>\n<meta property=\"og:title\" content=\"Instalado periodo extraordinario de sesiones del mes de marzo - Concejo Municipal de Pitalito\" \/>\n<meta property=\"og:description\" content=\"Con la presencia del alcalde municipal Yider Luna Joven, fue instalado el periodo de sesiones extraordinarias para el mes de marzo, en el que ser\u00e1n debatidos 6 proyectos de acuerdo, [&hellip;]\" \/>\n<meta property=\"og:url\" content=\"https:\/\/concejopitalito.gov.co\/contenido\/2025\/03\/14\/instalado-periodo-extraordinario-de-sesiones-del-mes-de-marzo-2\/\" \/>\n<meta property=\"og:site_name\" content=\"Concejo Municipal de Pitalito\" \/>\n<meta property=\"article:published_time\" content=\"2025-03-14T20:18:44+00:00\" \/>\n<meta property=\"article:modified_time\" content=\"2025-03-14T20:20:21+00:00\" \/>\n<meta property=\"og:image\" content=\"https:\/\/concejopitalito.gov.co\/contenido\/wp-content\/uploads\/2025\/03\/WhatsApp-Image-2025-03-14-at-13.52.31.jpeg\" \/>\n\t<meta property=\"og:image:width\" content=\"1600\" \/>\n\t<meta property=\"og:image:height\" content=\"1204\" \/>\n\t<meta property=\"og:image:type\" content=\"image\/jpeg\" \/>\n<meta name=\"author\" content=\"Aura\" \/>\n<meta name=\"twitter:card\" content=\"summary_large_image\" \/>\n<meta name=\"twitter:label1\" content=\"Escrito por\" \/>\n\t<meta name=\"twitter:data1\" content=\"Aura\" \/>\n\t<meta name=\"twitter:label2\" content=\"Tiempo de lectura\" \/>\n\t<meta name=\"twitter:data2\" content=\"3 minutos\" \/>\n<script type=\"application\/ld+json\" class=\"yoast-schema-graph\">{\"@context\":\"https:\\\/\\\/schema.org\",\"@graph\":[{\"@type\":\"Article\",\"@id\":\"https:\\\/\\\/concejopitalito.gov.co\\\/contenido\\\/2025\\\/03\\\/14\\\/instalado-periodo-extraordinario-de-sesiones-del-mes-de-marzo-2\\\/#article\",\"isPartOf\":{\"@id\":\"https:\\\/\\\/concejopitalito.gov.co\\\/contenido\\\/2025\\\/03\\\/14\\\/instalado-periodo-extraordinario-de-sesiones-del-mes-de-marzo-2\\\/\"},\"author\":{\"name\":\"Aura\",\"@id\":\"https:\\\/\\\/concejopitalito.gov.co\\\/contenido\\\/#\\\/schema\\\/person\\\/e097e52cc833dd7389c0091657fb99a4\"},\"headline\":\"Instalado periodo extraordinario de sesiones del mes de marzo\",\"datePublished\":\"2025-03-14T20:18:44+00:00\",\"dateModified\":\"2025-03-14T20:20:21+00:00\",\"mainEntityOfPage\":{\"@id\":\"https:\\\/\\\/concejopitalito.gov.co\\\/contenido\\\/2025\\\/03\\\/14\\\/instalado-periodo-extraordinario-de-sesiones-del-mes-de-marzo-2\\\/\"},\"wordCount\":494,\"publisher\":{\"@id\":\"https:\\\/\\\/concejopitalito.gov.co\\\/contenido\\\/#organization\"},\"image\":{\"@id\":\"https:\\\/\\\/concejopitalito.gov.co\\\/contenido\\\/2025\\\/03\\\/14\\\/instalado-periodo-extraordinario-de-sesiones-del-mes-de-marzo-2\\\/#primaryimage\"},\"thumbnailUrl\":\"https:\\\/\\\/concejopitalito.gov.co\\\/contenido\\\/wp-content\\\/uploads\\\/2025\\\/03\\\/WhatsApp-Image-2025-03-14-at-13.52.31.jpeg\",\"articleSection\":[\"Noticias\"],\"inLanguage\":\"es\"},{\"@type\":\"WebPage\",\"@id\":\"https:\\\/\\\/concejopitalito.gov.co\\\/contenido\\\/2025\\\/03\\\/14\\\/instalado-periodo-extraordinario-de-sesiones-del-mes-de-marzo-2\\\/\",\"url\":\"https:\\\/\\\/concejopitalito.gov.co\\\/contenido\\\/2025\\\/03\\\/14\\\/instalado-periodo-extraordinario-de-sesiones-del-mes-de-marzo-2\\\/\",\"name\":\"Instalado periodo extraordinario de sesiones del mes de marzo - Concejo Municipal de Pitalito\",\"isPartOf\":{\"@id\":\"https:\\\/\\\/concejopitalito.gov.co\\\/contenido\\\/#website\"},\"primaryImageOfPage\":{\"@id\":\"https:\\\/\\\/concejopitalito.gov.co\\\/contenido\\\/2025\\\/03\\\/14\\\/instalado-periodo-extraordinario-de-sesiones-del-mes-de-marzo-2\\\/#primaryimage\"},\"image\":{\"@id\":\"https:\\\/\\\/concejopitalito.gov.co\\\/contenido\\\/2025\\\/03\\\/14\\\/instalado-periodo-extraordinario-de-sesiones-del-mes-de-marzo-2\\\/#primaryimage\"},\"thumbnailUrl\":\"https:\\\/\\\/concejopitalito.gov.co\\\/contenido\\\/wp-content\\\/uploads\\\/2025\\\/03\\\/WhatsApp-Image-2025-03-14-at-13.52.31.jpeg\",\"datePublished\":\"2025-03-14T20:18:44+00:00\",\"dateModified\":\"2025-03-14T20:20:21+00:00\",\"breadcrumb\":{\"@id\":\"https:\\\/\\\/concejopitalito.gov.co\\\/contenido\\\/2025\\\/03\\\/14\\\/instalado-periodo-extraordinario-de-sesiones-del-mes-de-marzo-2\\\/#breadcrumb\"},\"inLanguage\":\"es\",\"potentialAction\":[{\"@type\":\"ReadAction\",\"target\":[\"https:\\\/\\\/concejopitalito.gov.co\\\/contenido\\\/2025\\\/03\\\/14\\\/instalado-periodo-extraordinario-de-sesiones-del-mes-de-marzo-2\\\/\"]}]},{\"@type\":\"ImageObject\",\"inLanguage\":\"es\",\"@id\":\"https:\\\/\\\/concejopitalito.gov.co\\\/contenido\\\/2025\\\/03\\\/14\\\/instalado-periodo-extraordinario-de-sesiones-del-mes-de-marzo-2\\\/#primaryimage\",\"url\":\"https:\\\/\\\/concejopitalito.gov.co\\\/contenido\\\/wp-content\\\/uploads\\\/2025\\\/03\\\/WhatsApp-Image-2025-03-14-at-13.52.31.jpeg\",\"contentUrl\":\"https:\\\/\\\/concejopitalito.gov.co\\\/contenido\\\/wp-content\\\/uploads\\\/2025\\\/03\\\/WhatsApp-Image-2025-03-14-at-13.52.31.jpeg\",\"width\":1600,\"height\":1204},{\"@type\":\"BreadcrumbList\",\"@id\":\"https:\\\/\\\/concejopitalito.gov.co\\\/contenido\\\/2025\\\/03\\\/14\\\/instalado-periodo-extraordinario-de-sesiones-del-mes-de-marzo-2\\\/#breadcrumb\",\"itemListElement\":[{\"@type\":\"ListItem\",\"position\":1,\"name\":\"Portada\",\"item\":\"https:\\\/\\\/concejopitalito.gov.co\\\/contenido\\\/\"},{\"@type\":\"ListItem\",\"position\":2,\"name\":\"Instalado periodo extraordinario de sesiones del mes de marzo\"}]},{\"@type\":\"WebSite\",\"@id\":\"https:\\\/\\\/concejopitalito.gov.co\\\/contenido\\\/#website\",\"url\":\"https:\\\/\\\/concejopitalito.gov.co\\\/contenido\\\/\",\"name\":\"Concejo Municipal de Pitalito\",\"description\":\"Nuestro compromiso con Pitalito y los laboyanos es dar al cumplimiento de su misi\u00f3n institucional y legal, tendiente a permitir una \u00f3ptima gesti\u00f3n p\u00fablica que satisfaga las necesidades y expectativas de la comunidad, con base a los requisitos de eficiencia y eficacia y fundamentada en el principio de transparencia\",\"publisher\":{\"@id\":\"https:\\\/\\\/concejopitalito.gov.co\\\/contenido\\\/#organization\"},\"potentialAction\":[{\"@type\":\"SearchAction\",\"target\":{\"@type\":\"EntryPoint\",\"urlTemplate\":\"https:\\\/\\\/concejopitalito.gov.co\\\/contenido\\\/?s={search_term_string}\"},\"query-input\":{\"@type\":\"PropertyValueSpecification\",\"valueRequired\":true,\"valueName\":\"search_term_string\"}}],\"inLanguage\":\"es\"},{\"@type\":\"Organization\",\"@id\":\"https:\\\/\\\/concejopitalito.gov.co\\\/contenido\\\/#organization\",\"name\":\"Concejo Municipal Pitalito\",\"url\":\"https:\\\/\\\/concejopitalito.gov.co\\\/contenido\\\/\",\"logo\":{\"@type\":\"ImageObject\",\"inLanguage\":\"es\",\"@id\":\"https:\\\/\\\/concejopitalito.gov.co\\\/contenido\\\/#\\\/schema\\\/logo\\\/image\\\/\",\"url\":\"https:\\\/\\\/concejopitalito.gov.co\\\/contenido\\\/wp-content\\\/uploads\\\/2021\\\/06\\\/Logo-Concejo.png\",\"contentUrl\":\"https:\\\/\\\/concejopitalito.gov.co\\\/contenido\\\/wp-content\\\/uploads\\\/2021\\\/06\\\/Logo-Concejo.png\",\"width\":1594,\"height\":200,\"caption\":\"Concejo Municipal Pitalito\"},\"image\":{\"@id\":\"https:\\\/\\\/concejopitalito.gov.co\\\/contenido\\\/#\\\/schema\\\/logo\\\/image\\\/\"}},{\"@type\":\"Person\",\"@id\":\"https:\\\/\\\/concejopitalito.gov.co\\\/contenido\\\/#\\\/schema\\\/person\\\/e097e52cc833dd7389c0091657fb99a4\",\"name\":\"Aura\",\"image\":{\"@type\":\"ImageObject\",\"inLanguage\":\"es\",\"@id\":\"https:\\\/\\\/secure.gravatar.com\\\/avatar\\\/a31b9f930053975ebec0d93ae33a7d853ea633f5ef8bbb59be1d1f0e1306a29a?s=96&d=mm&r=g\",\"url\":\"https:\\\/\\\/secure.gravatar.com\\\/avatar\\\/a31b9f930053975ebec0d93ae33a7d853ea633f5ef8bbb59be1d1f0e1306a29a?s=96&d=mm&r=g\",\"contentUrl\":\"https:\\\/\\\/secure.gravatar.com\\\/avatar\\\/a31b9f930053975ebec0d93ae33a7d853ea633f5ef8bbb59be1d1f0e1306a29a?s=96&d=mm&r=g\",\"caption\":\"Aura\"},\"url\":\"https:\\\/\\\/concejopitalito.gov.co\\\/contenido\\\/author\\\/concejopitalito\\\/\"}]}<\/script>\n<!-- \/ Yoast SEO plugin. -->","yoast_head_json":{"title":"Instalado periodo extraordinario de sesiones del mes de marzo - Concejo Municipal de Pitalito","robots":{"index":"index","follow":"follow","max-snippet":"max-snippet:-1","max-image-preview":"max-image-preview:large","max-video-preview":"max-video-preview:-1"},"canonical":"https:\/\/concejopitalito.gov.co\/contenido\/2025\/03\/14\/instalado-periodo-extraordinario-de-sesiones-del-mes-de-marzo-2\/","og_locale":"es_ES","og_type":"article","og_title":"Instalado periodo extraordinario de sesiones del mes de marzo - Concejo Municipal de Pitalito","og_description":"Con la presencia del alcalde municipal Yider Luna Joven, fue instalado el periodo de sesiones extraordinarias para el mes de marzo, en el que ser\u00e1n debatidos 6 proyectos de acuerdo, [&hellip;]","og_url":"https:\/\/concejopitalito.gov.co\/contenido\/2025\/03\/14\/instalado-periodo-extraordinario-de-sesiones-del-mes-de-marzo-2\/","og_site_name":"Concejo Municipal de Pitalito","article_published_time":"2025-03-14T20:18:44+00:00","article_modified_time":"2025-03-14T20:20:21+00:00","og_image":[{"width":1600,"height":1204,"url":"https:\/\/concejopitalito.gov.co\/contenido\/wp-content\/uploads\/2025\/03\/WhatsApp-Image-2025-03-14-at-13.52.31.jpeg","type":"image\/jpeg"}],"author":"Aura","twitter_card":"summary_large_image","twitter_misc":{"Escrito por":"Aura","Tiempo de lectura":"3 minutos"},"schema":{"@context":"https:\/\/schema.org","@graph":[{"@type":"Article","@id":"https:\/\/concejopitalito.gov.co\/contenido\/2025\/03\/14\/instalado-periodo-extraordinario-de-sesiones-del-mes-de-marzo-2\/#article","isPartOf":{"@id":"https:\/\/concejopitalito.gov.co\/contenido\/2025\/03\/14\/instalado-periodo-extraordinario-de-sesiones-del-mes-de-marzo-2\/"},"author":{"name":"Aura","@id":"https:\/\/concejopitalito.gov.co\/contenido\/#\/schema\/person\/e097e52cc833dd7389c0091657fb99a4"},"headline":"Instalado periodo extraordinario de sesiones del mes de marzo","datePublished":"2025-03-14T20:18:44+00:00","dateModified":"2025-03-14T20:20:21+00:00","mainEntityOfPage":{"@id":"https:\/\/concejopitalito.gov.co\/contenido\/2025\/03\/14\/instalado-periodo-extraordinario-de-sesiones-del-mes-de-marzo-2\/"},"wordCount":494,"publisher":{"@id":"https:\/\/concejopitalito.gov.co\/contenido\/#organization"},"image":{"@id":"https:\/\/concejopitalito.gov.co\/contenido\/2025\/03\/14\/instalado-periodo-extraordinario-de-sesiones-del-mes-de-marzo-2\/#primaryimage"},"thumbnailUrl":"https:\/\/concejopitalito.gov.co\/contenido\/wp-content\/uploads\/2025\/03\/WhatsApp-Image-2025-03-14-at-13.52.31.jpeg","articleSection":["Noticias"],"inLanguage":"es"},{"@type":"WebPage","@id":"https:\/\/concejopitalito.gov.co\/contenido\/2025\/03\/14\/instalado-periodo-extraordinario-de-sesiones-del-mes-de-marzo-2\/","url":"https:\/\/concejopitalito.gov.co\/contenido\/2025\/03\/14\/instalado-periodo-extraordinario-de-sesiones-del-mes-de-marzo-2\/","name":"Instalado periodo extraordinario de sesiones del mes de marzo - Concejo Municipal de Pitalito","isPartOf":{"@id":"https:\/\/concejopitalito.gov.co\/contenido\/#website"},"primaryImageOfPage":{"@id":"https:\/\/concejopitalito.gov.co\/contenido\/2025\/03\/14\/instalado-periodo-extraordinario-de-sesiones-del-mes-de-marzo-2\/#primaryimage"},"image":{"@id":"https:\/\/concejopitalito.gov.co\/contenido\/2025\/03\/14\/instalado-periodo-extraordinario-de-sesiones-del-mes-de-marzo-2\/#primaryimage"},"thumbnailUrl":"https:\/\/concejopitalito.gov.co\/contenido\/wp-content\/uploads\/2025\/03\/WhatsApp-Image-2025-03-14-at-13.52.31.jpeg","datePublished":"2025-03-14T20:18:44+00:00","dateModified":"2025-03-14T20:20:21+00:00","breadcrumb":{"@id":"https:\/\/concejopitalito.gov.co\/contenido\/2025\/03\/14\/instalado-periodo-extraordinario-de-sesiones-del-mes-de-marzo-2\/#breadcrumb"},"inLanguage":"es","potentialAction":[{"@type":"ReadAction","target":["https:\/\/concejopitalito.gov.co\/contenido\/2025\/03\/14\/instalado-periodo-extraordinario-de-sesiones-del-mes-de-marzo-2\/"]}]},{"@type":"ImageObject","inLanguage":"es","@id":"https:\/\/concejopitalito.gov.co\/contenido\/2025\/03\/14\/instalado-periodo-extraordinario-de-sesiones-del-mes-de-marzo-2\/#primaryimage","url":"https:\/\/concejopitalito.gov.co\/contenido\/wp-content\/uploads\/2025\/03\/WhatsApp-Image-2025-03-14-at-13.52.31.jpeg","contentUrl":"https:\/\/concejopitalito.gov.co\/contenido\/wp-content\/uploads\/2025\/03\/WhatsApp-Image-2025-03-14-at-13.52.31.jpeg","width":1600,"height":1204},{"@type":"BreadcrumbList","@id":"https:\/\/concejopitalito.gov.co\/contenido\/2025\/03\/14\/instalado-periodo-extraordinario-de-sesiones-del-mes-de-marzo-2\/#breadcrumb","itemListElement":[{"@type":"ListItem","position":1,"name":"Portada","item":"https:\/\/concejopitalito.gov.co\/contenido\/"},{"@type":"ListItem","position":2,"name":"Instalado periodo extraordinario de sesiones del mes de marzo"}]},{"@type":"WebSite","@id":"https:\/\/concejopitalito.gov.co\/contenido\/#website","url":"https:\/\/concejopitalito.gov.co\/contenido\/","name":"Concejo Municipal de Pitalito","description":"Nuestro compromiso con Pitalito y los laboyanos es dar al cumplimiento de su misi\u00f3n institucional y legal, tendiente a permitir una \u00f3ptima gesti\u00f3n p\u00fablica que satisfaga las necesidades y expectativas de la comunidad, con base a los requisitos de eficiencia y eficacia y fundamentada en el principio de transparencia","publisher":{"@id":"https:\/\/concejopitalito.gov.co\/contenido\/#organization"},"potentialAction":[{"@type":"SearchAction","target":{"@type":"EntryPoint","urlTemplate":"https:\/\/concejopitalito.gov.co\/contenido\/?s={search_term_string}"},"query-input":{"@type":"PropertyValueSpecification","valueRequired":true,"valueName":"search_term_string"}}],"inLanguage":"es"},{"@type":"Organization","@id":"https:\/\/concejopitalito.gov.co\/contenido\/#organization","name":"Concejo Municipal Pitalito","url":"https:\/\/concejopitalito.gov.co\/contenido\/","logo":{"@type":"ImageObject","inLanguage":"es","@id":"https:\/\/concejopitalito.gov.co\/contenido\/#\/schema\/logo\/image\/","url":"https:\/\/concejopitalito.gov.co\/contenido\/wp-content\/uploads\/2021\/06\/Logo-Concejo.png","contentUrl":"https:\/\/concejopitalito.gov.co\/contenido\/wp-content\/uploads\/2021\/06\/Logo-Concejo.png","width":1594,"height":200,"caption":"Concejo Municipal Pitalito"},"image":{"@id":"https:\/\/concejopitalito.gov.co\/contenido\/#\/schema\/logo\/image\/"}},{"@type":"Person","@id":"https:\/\/concejopitalito.gov.co\/contenido\/#\/schema\/person\/e097e52cc833dd7389c0091657fb99a4","name":"Aura","image":{"@type":"ImageObject","inLanguage":"es","@id":"https:\/\/secure.gravatar.com\/avatar\/a31b9f930053975ebec0d93ae33a7d853ea633f5ef8bbb59be1d1f0e1306a29a?s=96&d=mm&r=g","url":"https:\/\/secure.gravatar.com\/avatar\/a31b9f930053975ebec0d93ae33a7d853ea633f5ef8bbb59be1d1f0e1306a29a?s=96&d=mm&r=g","contentUrl":"https:\/\/secure.gravatar.com\/avatar\/a31b9f930053975ebec0d93ae33a7d853ea633f5ef8bbb59be1d1f0e1306a29a?s=96&d=mm&r=g","caption":"Aura"},"url":"https:\/\/concejopitalito.gov.co\/contenido\/author\/concejopitalito\/"}]}},"_links":{"self":[{"href":"https:\/\/concejopitalito.gov.co\/contenido\/wp-json\/wp\/v2\/posts\/2411","targetHints":{"allow":["GET"]}}],"collection":[{"href":"https:\/\/concejopitalito.gov.co\/contenido\/wp-json\/wp\/v2\/posts"}],"about":[{"href":"https:\/\/concejopitalito.gov.co\/contenido\/wp-json\/wp\/v2\/types\/post"}],"author":[{"embeddable":true,"href":"https:\/\/concejopitalito.gov.co\/contenido\/wp-json\/wp\/v2\/users\/3"}],"replies":[{"embeddable":true,"href":"https:\/\/concejopitalito.gov.co\/contenido\/wp-json\/wp\/v2\/comments?post=2411"}],"version-history":[{"count":3,"href":"https:\/\/concejopitalito.gov.co\/contenido\/wp-json\/wp\/v2\/posts\/2411\/revisions"}],"predecessor-version":[{"id":2414,"href":"https:\/\/concejopitalito.gov.co\/contenido\/wp-json\/wp\/v2\/posts\/2411\/revisions\/2414"}],"wp:featuredmedia":[{"embeddable":true,"href":"https:\/\/concejopitalito.gov.co\/contenido\/wp-json\/wp\/v2\/media\/2409"}],"wp:attachment":[{"href":"https:\/\/concejopitalito.gov.co\/contenido\/wp-json\/wp\/v2\/media?parent=2411"}],"wp:term":[{"taxonomy":"category","embeddable":true,"href":"https:\/\/concejopitalito.gov.co\/contenido\/wp-json\/wp\/v2\/categories?post=2411"},{"taxonomy":"post_tag","embeddable":true,"href":"https:\/\/concejopitalito.gov.co\/contenido\/wp-json\/wp\/v2\/tags?post=2411"}],"curies":[{"name":"wp","href":"https:\/\/api.w.org\/{rel}","templated":true}]}}